{"id":48979,"date":"2020-07-02T05:04:00","date_gmt":"2020-07-02T08:04:00","guid":{"rendered":"http:\/\/progepe.ufpr.br\/portal\/?post_type=portarias&#038;p=48979"},"modified":"2023-08-03T13:19:51","modified_gmt":"2023-08-03T16:19:51","slug":"rt-2020-01113","status":"publish","type":"post","link":"https:\/\/progepe.ufpr.br\/portarias\/rt-2020-01113\/","title":{"rendered":"PORTARIA N\u00ba 01113\/REITORIA, DE 02 DE JULHO DE 2020"},"content":{"rendered":"\n<p><strong>O Reitor da Universidade Federal do Paran\u00e1, <\/strong>no uso de suas atribui\u00e7\u00f5es considerando o que consta no artigo 9\u00ba, inciso II da Lei n\u00ba 8.112\/90 e tendo em vista o que consta no processo n\u00ba 23075.034626\/2020-01, <\/p>\n\n\n\n<p>RESOLVE: <\/p>\n\n\n\n<p>I.&nbsp;Nomear, a partir da data de publica\u00e7\u00e3o em\nDOU desta Portaria, o servidor SEDIMAR ANTONIO BORTOLIN&nbsp;&#8211; 2620854,\nocupante do cargo de T\u00e9cnico de Tecnologia da Informa\u00e7\u00e3o,&nbsp;&nbsp;lotado\n&nbsp;na &nbsp;Se\u00e7\u00e3o de Solu\u00e7\u00f5es de Software Administrativo da Ag\u00eancia de\nTecnologia da Informa\u00e7\u00e3o e Comunica\u00e7\u00e3o da Pr\u00f3-Reitoria de Administra\u00e7\u00e3o, no\nregime de trabalho de 40 (quarenta) horas semanais, para exercer a fun\u00e7\u00e3o\ngratificada de Chefe da Se\u00e7\u00e3o de Solu\u00e7\u00f5es de Software Administrativo,\nFG-03,&nbsp;da Ag\u00eancia de Tecnologia da Informa\u00e7\u00e3o e Comunica\u00e7\u00e3o da\nPr\u00f3-Reitoria de Administra\u00e7\u00e3o, autorizada pela Medida Provis\u00f3ria n\u00ba 1.534\/96,\nregulamentada pela Portaria Interministerial n\u00ba 1.407\/96-MEC\/MARE.<\/p>\n\n\n\n<p>II. O mencionado servidor cumprir\u00e1,\nobrigatoriamente, o regime de trabalho de tempo integral, de acordo com o\ndisposto no \u00a7 5\u00ba, artigo 1\u00ba da Lei n\u00ba 8.168\/91.<\/p>\n\n\n\n<p style=\"text-align:right\"><strong>RICARDO MARCELO FONSECA<\/strong><\/p>\n","protected":false},"excerpt":{"rendered":"<p>O Reitor da Universidade Federal do Paran\u00e1, no uso de suas atribui\u00e7\u00f5es considerando o que consta no artigo 9\u00ba, inciso II da Lei n\u00ba 8.112\/90 e tendo em vista o que consta no processo n\u00ba 23075.034626\/2020-01, RESOLVE: I.&nbsp;Nomear, a partir da data de publica\u00e7\u00e3o em DOU desta Portaria, o servidor SEDIMAR ANTONIO BORTOLIN&nbsp;&#8211; 2620854, ocupante [&hellip;]<\/p>\n","protected":false},"author":50,"featured_media":0,"comment_status":"closed","ping_status":"closed","sticky":false,"template":"","format":"standard","meta":{"_acf_changed":false,"iawp_total_views":0,"footnotes":""},"categories":[117],"tags":[120],"class_list":["post-48979","post","type-post","status-publish","format-standard","hentry","category-rt","tag-funcao"],"acf":[],"_links":{"self":[{"href":"https:\/\/progepe.ufpr.br\/portarias\/wp-json\/wp\/v2\/posts\/48979","targetHints":{"allow":["GET"]}}],"collection":[{"href":"https:\/\/progepe.ufpr.br\/portarias\/wp-json\/wp\/v2\/posts"}],"about":[{"href":"https:\/\/progepe.ufpr.br\/portarias\/wp-json\/wp\/v2\/types\/post"}],"author":[{"embeddable":true,"href":"https:\/\/progepe.ufpr.br\/portarias\/wp-json\/wp\/v2\/users\/50"}],"replies":[{"embeddable":true,"href":"https:\/\/progepe.ufpr.br\/portarias\/wp-json\/wp\/v2\/comments?post=48979"}],"version-history":[{"count":1,"href":"https:\/\/progepe.ufpr.br\/portarias\/wp-json\/wp\/v2\/posts\/48979\/revisions"}],"predecessor-version":[{"id":194940,"href":"https:\/\/progepe.ufpr.br\/portarias\/wp-json\/wp\/v2\/posts\/48979\/revisions\/194940"}],"wp:attachment":[{"href":"https:\/\/progepe.ufpr.br\/portarias\/wp-json\/wp\/v2\/media?parent=48979"}],"wp:term":[{"taxonomy":"category","embeddable":true,"href":"https:\/\/progepe.ufpr.br\/portarias\/wp-json\/wp\/v2\/categories?post=48979"},{"taxonomy":"post_tag","embeddable":true,"href":"https:\/\/progepe.ufpr.br\/portarias\/wp-json\/wp\/v2\/tags?post=48979"}],"curies":[{"name":"wp","href":"https:\/\/api.w.org\/{rel}","templated":true}]}}