{"id":48982,"date":"2020-07-02T05:02:00","date_gmt":"2020-07-02T08:02:00","guid":{"rendered":"http:\/\/progepe.ufpr.br\/portal\/?post_type=portarias&#038;p=48982"},"modified":"2024-08-07T16:05:55","modified_gmt":"2024-08-07T19:05:55","slug":"rt-2020-01111","status":"publish","type":"post","link":"https:\/\/progepe.ufpr.br\/portarias\/rt-2020-01111\/","title":{"rendered":"PORTARIA N\u00ba 01111\/REITORIA, DE 02 DE JULHO DE 2020"},"content":{"rendered":"\n<p style=\"padding-left:43%\">O Reitor da Universidade Federal do Paran\u00e1, no uso de suas atribui\u00e7\u00f5es, considerando o que consta no processo n\u00ba 23075.032116\/2020-91,<\/p>\n\n\n\n<p style=\"padding-left:43%\"><strong>RESOLVE:<\/strong><\/p>\n\n\n\n<p>Exonerar, a partir de 01 de julho de 2020, a servidora TATIANA IZABELE JAWORSKI DE SA RIECHI\u00a0&#8211; 2170463, da fun\u00e7\u00e3o gratificada de Assessora da Coordenadoria de Pol\u00edticas Integradas de Educa\u00e7\u00e3o a Dist\u00e2ncia, FG-03, da Pr\u00f3-Reitoria de Gradua\u00e7\u00e3o.<\/p>\n","protected":false},"excerpt":{"rendered":"<p>Exonerar, a partir de 01 de julho de 2020, a servidora TATIANA IZABELE JAWORSKI DE SA RIECHI\u00a0&#8211; 2170463, da fun\u00e7\u00e3o gratificada de Assessora da Coordenadoria de Pol\u00edticas Integradas de Educa\u00e7\u00e3o a Dist\u00e2ncia, FG-03, da Pr\u00f3-Reitoria de Gradua\u00e7\u00e3o.<\/p>\n","protected":false},"author":50,"featured_media":0,"comment_status":"closed","ping_status":"closed","sticky":false,"template":"","format":"standard","meta":{"_acf_changed":false,"iawp_total_views":0,"footnotes":""},"categories":[117],"tags":[120],"class_list":["post-48982","post","type-post","status-publish","format-standard","hentry","category-rt","tag-funcao"],"acf":[],"_links":{"self":[{"href":"https:\/\/progepe.ufpr.br\/portarias\/wp-json\/wp\/v2\/posts\/48982","targetHints":{"allow":["GET"]}}],"collection":[{"href":"https:\/\/progepe.ufpr.br\/portarias\/wp-json\/wp\/v2\/posts"}],"about":[{"href":"https:\/\/progepe.ufpr.br\/portarias\/wp-json\/wp\/v2\/types\/post"}],"author":[{"embeddable":true,"href":"https:\/\/progepe.ufpr.br\/portarias\/wp-json\/wp\/v2\/users\/50"}],"replies":[{"embeddable":true,"href":"https:\/\/progepe.ufpr.br\/portarias\/wp-json\/wp\/v2\/comments?post=48982"}],"version-history":[{"count":2,"href":"https:\/\/progepe.ufpr.br\/portarias\/wp-json\/wp\/v2\/posts\/48982\/revisions"}],"predecessor-version":[{"id":256827,"href":"https:\/\/progepe.ufpr.br\/portarias\/wp-json\/wp\/v2\/posts\/48982\/revisions\/256827"}],"wp:attachment":[{"href":"https:\/\/progepe.ufpr.br\/portarias\/wp-json\/wp\/v2\/media?parent=48982"}],"wp:term":[{"taxonomy":"category","embeddable":true,"href":"https:\/\/progepe.ufpr.br\/portarias\/wp-json\/wp\/v2\/categories?post=48982"},{"taxonomy":"post_tag","embeddable":true,"href":"https:\/\/progepe.ufpr.br\/portarias\/wp-json\/wp\/v2\/tags?post=48982"}],"curies":[{"name":"wp","href":"https:\/\/api.w.org\/{rel}","templated":true}]}}