{"id":49412,"date":"2020-07-08T10:02:00","date_gmt":"2020-07-08T13:02:00","guid":{"rendered":"http:\/\/progepe.ufpr.br\/portal\/?post_type=portarias&#038;p=49412"},"modified":"2023-08-03T12:56:48","modified_gmt":"2023-08-03T15:56:48","slug":"progepe-2020-02048","status":"publish","type":"post","link":"https:\/\/progepe.ufpr.br\/portarias\/progepe-2020-02048\/","title":{"rendered":"PORTARIA N\u00ba 02048\/PROGEPE, DE 08 DE JULHO DE 2020"},"content":{"rendered":"\n<p><strong>O Pr\u00f3-Reitor de Gest\u00e3o de Pessoas da Universidade Federal do Paran\u00e1,<\/strong> no uso de\nsuas atribui\u00e7\u00f5es, tendo em vista a compet\u00eancia que lhe \u00e9 conferida pela\nPortaria n\u00ba 2.590, de 26 de setembro de 1997 e considerando o contido no Art.\n20 da Lei n\u00ba 8.112\/90, Resolu\u00e7\u00e3o n\u00ba 002\/2000\u2011COPLAD e ainda o contido no\nprocesso n\u00ba 23075.007306\/2020-71,<\/p>\n\n\n\n<p>RESOLVE:<\/p>\n\n\n\n<p>Homologar o resultado da avalia\u00e7\u00e3o de desempenho em\nest\u00e1gio probat\u00f3rio da servidora RENATA\nDAL PRA DUCCI &#8211; 3838824, ocupante do cargo de Professora do Magist\u00e9rio Superior,\nlotada no Departamento de Cl\u00ednica M\u00e9dica do Setor de Ci\u00eancias da Sa\u00fade,\naprovada no citado est\u00e1gio com 100 (cem) pontos.<\/p>\n\n\n\n<p style=\"text-align:right\">Douglas\nOrtiz Hamermuller<\/p>\n","protected":false},"excerpt":{"rendered":"<p>Homologar o resultado da avalia\u00e7\u00e3o de desempenho em est\u00e1gio probat\u00f3rio da servidora RENATA DAL PRA DUCCI &#8211; 3838824, ocupante do cargo de Professora do Magist\u00e9rio Superior, lotada no Departamento de Cl\u00ednica M\u00e9dica do Setor de Ci\u00eancias da Sa\u00fade, aprovada no citado est\u00e1gio com 100 (cem) pontos.  <!-- wp:paragraph {\"align\":\"right\"} \n\n<p style=\"text-align:right\">Douglas Ortiz Hamermuller\n<\/p>\n","protected":false},"author":49,"featured_media":0,"comment_status":"closed","ping_status":"closed","sticky":false,"template":"","format":"standard","meta":{"_acf_changed":false,"iawp_total_views":0,"footnotes":""},"categories":[116],"tags":[136],"class_list":["post-49412","post","type-post","status-publish","format-standard","hentry","category-progepe","tag-estagio-probatorio"],"acf":[],"_links":{"self":[{"href":"https:\/\/progepe.ufpr.br\/portarias\/wp-json\/wp\/v2\/posts\/49412","targetHints":{"allow":["GET"]}}],"collection":[{"href":"https:\/\/progepe.ufpr.br\/portarias\/wp-json\/wp\/v2\/posts"}],"about":[{"href":"https:\/\/progepe.ufpr.br\/portarias\/wp-json\/wp\/v2\/types\/post"}],"author":[{"embeddable":true,"href":"https:\/\/progepe.ufpr.br\/portarias\/wp-json\/wp\/v2\/users\/49"}],"replies":[{"embeddable":true,"href":"https:\/\/progepe.ufpr.br\/portarias\/wp-json\/wp\/v2\/comments?post=49412"}],"version-history":[{"count":1,"href":"https:\/\/progepe.ufpr.br\/portarias\/wp-json\/wp\/v2\/posts\/49412\/revisions"}],"predecessor-version":[{"id":195005,"href":"https:\/\/progepe.ufpr.br\/portarias\/wp-json\/wp\/v2\/posts\/49412\/revisions\/195005"}],"wp:attachment":[{"href":"https:\/\/progepe.ufpr.br\/portarias\/wp-json\/wp\/v2\/media?parent=49412"}],"wp:term":[{"taxonomy":"category","embeddable":true,"href":"https:\/\/progepe.ufpr.br\/portarias\/wp-json\/wp\/v2\/categories?post=49412"},{"taxonomy":"post_tag","embeddable":true,"href":"https:\/\/progepe.ufpr.br\/portarias\/wp-json\/wp\/v2\/tags?post=49412"}],"curies":[{"name":"wp","href":"https:\/\/api.w.org\/{rel}","templated":true}]}}