{"id":49443,"date":"2020-07-08T10:03:00","date_gmt":"2020-07-08T13:03:00","guid":{"rendered":"http:\/\/progepe.ufpr.br\/portal\/?post_type=portarias&#038;p=49443"},"modified":"2023-08-03T12:56:48","modified_gmt":"2023-08-03T15:56:48","slug":"progepe-2020-02049","status":"publish","type":"post","link":"https:\/\/progepe.ufpr.br\/portarias\/progepe-2020-02049\/","title":{"rendered":"PORTARIA N\u00ba 02049\/PROGEPE, DE 08 DE JULHO DE 2020"},"content":{"rendered":"\n<p><strong>O Pr\u00f3-Reitor de Gest\u00e3o de Pessoas da Universidade Federal do Paran\u00e1,<\/strong> no uso de\nsuas atribui\u00e7\u00f5es, tendo em vista a compet\u00eancia que lhe \u00e9 conferida pela\nPortaria n\u00ba 2.590, de 26 de setembro de 1997 e considerando o que consta no\nprocesso n\u00ba 23075.022070\/2020-01,<\/p>\n\n\n\n<p>RESOLVE:<\/p>\n\n\n\n<p>Conceder\naposentadoria volunt\u00e1ria por tempo de contribui\u00e7\u00e3o, nos termos do Art. 20 da\nEmenda Constitucional n\u00ba 103\/2019, ao servidor LANDRI ROBERTO ROEHRS &#8211; 1205676, lotado na Unidade de\nContabilidade e Finan\u00e7as do Hospital de Cl\u00ednicas, ocupante do cargo de\nEconomista, n\u00edvel de Classifica\u00e7\u00e3o E, n\u00edvel de Capacita\u00e7\u00e3o IV, padr\u00e3o de\nVencimento 15, no regime de trabalho de 40 (quarenta) horas semanais, com a\ntotalidade de sua remunera\u00e7\u00e3o, nos termos do \u00a7 2\u00ba, inciso I do Art. 20 da\nreferida Emenda Constitucional, com o vencimento do referido cargo, mais a\ngratifica\u00e7\u00e3o adicional por tempo de servi\u00e7o, prevista no Art. 67 da Lei n\u00ba\n8.112\/1990, no \u00edndice de 2% (dois por cento), calculada sobre o vencimento\nb\u00e1sico, mais o vencimento b\u00e1sico complementar, Art. 15 da Lei n\u00ba 11.091\/2005,\nmais o incentivo \u00e0 qualifica\u00e7\u00e3o, Decreto n\u00ba 5.824\/2006.<\/p>\n\n\n\n<p style=\"text-align:right\">Douglas Ortiz Hamermuller<\/p>\n","protected":false},"excerpt":{"rendered":"<p>Conceder aposentadoria volunt\u00e1ria por tempo de contribui\u00e7\u00e3o, nos termos do Art. 20 da Emenda Constitucional n\u00ba 103\/2019, ao servidor LANDRI ROBERTO ROEHRS &#8211; 1205676, lotado na Unidade de Contabilidade e Finan\u00e7as do Hospital de Cl\u00ednicas, ocupante do cargo de Economista, n\u00edvel de Classifica\u00e7\u00e3o E, n\u00edvel de Capacita\u00e7\u00e3o IV, padr\u00e3o de Vencimento 15, no regime de trabalho de 40 (quarenta) horas semanais, com a totalidade de sua remunera\u00e7\u00e3o, nos termos do \u00a7 2\u00ba, inciso I do Art. 20 da referida Emenda Constitucional, com o vencimento do referido cargo, mais a gratifica\u00e7\u00e3o adicional por tempo de servi\u00e7o, prevista no Art.<\/p>\n","protected":false},"author":49,"featured_media":0,"comment_status":"closed","ping_status":"closed","sticky":false,"template":"","format":"standard","meta":{"_acf_changed":false,"iawp_total_views":0,"footnotes":""},"categories":[116],"tags":[125],"class_list":["post-49443","post","type-post","status-publish","format-standard","hentry","category-progepe","tag-aposentadoria"],"acf":[],"_links":{"self":[{"href":"https:\/\/progepe.ufpr.br\/portarias\/wp-json\/wp\/v2\/posts\/49443","targetHints":{"allow":["GET"]}}],"collection":[{"href":"https:\/\/progepe.ufpr.br\/portarias\/wp-json\/wp\/v2\/posts"}],"about":[{"href":"https:\/\/progepe.ufpr.br\/portarias\/wp-json\/wp\/v2\/types\/post"}],"author":[{"embeddable":true,"href":"https:\/\/progepe.ufpr.br\/portarias\/wp-json\/wp\/v2\/users\/49"}],"replies":[{"embeddable":true,"href":"https:\/\/progepe.ufpr.br\/portarias\/wp-json\/wp\/v2\/comments?post=49443"}],"version-history":[{"count":1,"href":"https:\/\/progepe.ufpr.br\/portarias\/wp-json\/wp\/v2\/posts\/49443\/revisions"}],"predecessor-version":[{"id":195008,"href":"https:\/\/progepe.ufpr.br\/portarias\/wp-json\/wp\/v2\/posts\/49443\/revisions\/195008"}],"wp:attachment":[{"href":"https:\/\/progepe.ufpr.br\/portarias\/wp-json\/wp\/v2\/media?parent=49443"}],"wp:term":[{"taxonomy":"category","embeddable":true,"href":"https:\/\/progepe.ufpr.br\/portarias\/wp-json\/wp\/v2\/categories?post=49443"},{"taxonomy":"post_tag","embeddable":true,"href":"https:\/\/progepe.ufpr.br\/portarias\/wp-json\/wp\/v2\/tags?post=49443"}],"curies":[{"name":"wp","href":"https:\/\/api.w.org\/{rel}","templated":true}]}}