{"id":49495,"date":"2020-07-08T05:02:00","date_gmt":"2020-07-08T08:02:00","guid":{"rendered":"http:\/\/progepe.ufpr.br\/portal\/?post_type=portarias&#038;p=49495"},"modified":"2023-08-03T13:19:53","modified_gmt":"2023-08-03T16:19:53","slug":"rt-2020-01126","status":"publish","type":"post","link":"https:\/\/progepe.ufpr.br\/portarias\/rt-2020-01126\/","title":{"rendered":"PORTARIA N\u00ba 01126\/REITORIA, DE 08 DE JULHO DE 2020"},"content":{"rendered":"\n<p><strong>O Reitor da Universidade Federal do Paran\u00e1, <\/strong>no uso de suas atribui\u00e7\u00f5es, considerando o que consta no processo n\u00ba 23075.036625\/2020-93, <\/p>\n\n\n\n<p>RESOLVE: <\/p>\n\n\n\n<p>Exonerar, a partir de 01 de julho de 2020, o\nservidor GILIARDI ANDERSON DE SOUZA &#8211; 2349704, da fun\u00e7\u00e3o gratificada de Chefe\nda Se\u00e7\u00e3o de Produ\u00e7\u00e3o Editorial, FG-03, da Editora da Pr\u00f3-Reitoria de Extens\u00e3o e\nCultura.<\/p>\n\n\n\n<p style=\"text-align:right\"><strong>RICARDO MARCELO FONSECA<\/strong><\/p>\n","protected":false},"excerpt":{"rendered":"<p>O Reitor da Universidade Federal do Paran\u00e1, no uso de suas atribui\u00e7\u00f5es, considerando o que consta no processo n\u00ba 23075.036625\/2020-93, RESOLVE: Exonerar, a partir de 01 de julho de 2020, o servidor GILIARDI ANDERSON DE SOUZA &#8211; 2349704, da fun\u00e7\u00e3o gratificada de Chefe da Se\u00e7\u00e3o de Produ\u00e7\u00e3o Editorial, FG-03, da Editora da Pr\u00f3-Reitoria de Extens\u00e3o [&hellip;]<\/p>\n","protected":false},"author":50,"featured_media":0,"comment_status":"closed","ping_status":"closed","sticky":false,"template":"","format":"standard","meta":{"_acf_changed":false,"iawp_total_views":0,"footnotes":""},"categories":[117],"tags":[120],"class_list":["post-49495","post","type-post","status-publish","format-standard","hentry","category-rt","tag-funcao"],"acf":[],"_links":{"self":[{"href":"https:\/\/progepe.ufpr.br\/portarias\/wp-json\/wp\/v2\/posts\/49495","targetHints":{"allow":["GET"]}}],"collection":[{"href":"https:\/\/progepe.ufpr.br\/portarias\/wp-json\/wp\/v2\/posts"}],"about":[{"href":"https:\/\/progepe.ufpr.br\/portarias\/wp-json\/wp\/v2\/types\/post"}],"author":[{"embeddable":true,"href":"https:\/\/progepe.ufpr.br\/portarias\/wp-json\/wp\/v2\/users\/50"}],"replies":[{"embeddable":true,"href":"https:\/\/progepe.ufpr.br\/portarias\/wp-json\/wp\/v2\/comments?post=49495"}],"version-history":[{"count":1,"href":"https:\/\/progepe.ufpr.br\/portarias\/wp-json\/wp\/v2\/posts\/49495\/revisions"}],"predecessor-version":[{"id":195014,"href":"https:\/\/progepe.ufpr.br\/portarias\/wp-json\/wp\/v2\/posts\/49495\/revisions\/195014"}],"wp:attachment":[{"href":"https:\/\/progepe.ufpr.br\/portarias\/wp-json\/wp\/v2\/media?parent=49495"}],"wp:term":[{"taxonomy":"category","embeddable":true,"href":"https:\/\/progepe.ufpr.br\/portarias\/wp-json\/wp\/v2\/categories?post=49495"},{"taxonomy":"post_tag","embeddable":true,"href":"https:\/\/progepe.ufpr.br\/portarias\/wp-json\/wp\/v2\/tags?post=49495"}],"curies":[{"name":"wp","href":"https:\/\/api.w.org\/{rel}","templated":true}]}}