{"id":49505,"date":"2020-07-08T05:00:00","date_gmt":"2020-07-08T08:00:00","guid":{"rendered":"http:\/\/progepe.ufpr.br\/portal\/?post_type=portarias&#038;p=49505"},"modified":"2023-08-03T13:19:52","modified_gmt":"2023-08-03T16:19:52","slug":"rt-2020-01124","status":"publish","type":"post","link":"https:\/\/progepe.ufpr.br\/portarias\/rt-2020-01124\/","title":{"rendered":"PORTARIA N\u00ba 01124\/REITORIA, DE 08 DE JULHO DE 2020"},"content":{"rendered":"\n<p><strong>O Reitor da Universidade Federal do Paran\u00e1, <\/strong>no uso de suas atribui\u00e7\u00f5es, considerando o que consta no processo n\u00ba 23075.036606\/2020-67, <\/p>\n\n\n\n<p>RESOLVE: <\/p>\n\n\n\n<p>Exonerar, a partir de 01 de julho de 2020, a\nservidora DANIELE SOARES CARNEIRO &#8211; 1456192, da fun\u00e7\u00e3o gratificada de Chefe da\nSe\u00e7\u00e3o de Administrativo e Comercial, FG-03, da Editora da Pr\u00f3-Reitoria de\nExtens\u00e3o e Cultura.<\/p>\n\n\n\n<p style=\"text-align:right\"><strong>RICARDO MARCELO FONSECA<\/strong><\/p>\n","protected":false},"excerpt":{"rendered":"<p>O Reitor da Universidade Federal do Paran\u00e1, no uso de suas atribui\u00e7\u00f5es, considerando o que consta no processo n\u00ba 23075.036606\/2020-67, RESOLVE: Exonerar, a partir de 01 de julho de 2020, a servidora DANIELE SOARES CARNEIRO &#8211; 1456192, da fun\u00e7\u00e3o gratificada de Chefe da Se\u00e7\u00e3o de Administrativo e Comercial, FG-03, da Editora da Pr\u00f3-Reitoria de Extens\u00e3o [&hellip;]<\/p>\n","protected":false},"author":50,"featured_media":0,"comment_status":"closed","ping_status":"closed","sticky":false,"template":"","format":"standard","meta":{"_acf_changed":false,"iawp_total_views":0,"footnotes":""},"categories":[117],"tags":[120],"class_list":["post-49505","post","type-post","status-publish","format-standard","hentry","category-rt","tag-funcao"],"acf":[],"_links":{"self":[{"href":"https:\/\/progepe.ufpr.br\/portarias\/wp-json\/wp\/v2\/posts\/49505","targetHints":{"allow":["GET"]}}],"collection":[{"href":"https:\/\/progepe.ufpr.br\/portarias\/wp-json\/wp\/v2\/posts"}],"about":[{"href":"https:\/\/progepe.ufpr.br\/portarias\/wp-json\/wp\/v2\/types\/post"}],"author":[{"embeddable":true,"href":"https:\/\/progepe.ufpr.br\/portarias\/wp-json\/wp\/v2\/users\/50"}],"replies":[{"embeddable":true,"href":"https:\/\/progepe.ufpr.br\/portarias\/wp-json\/wp\/v2\/comments?post=49505"}],"version-history":[{"count":1,"href":"https:\/\/progepe.ufpr.br\/portarias\/wp-json\/wp\/v2\/posts\/49505\/revisions"}],"predecessor-version":[{"id":195016,"href":"https:\/\/progepe.ufpr.br\/portarias\/wp-json\/wp\/v2\/posts\/49505\/revisions\/195016"}],"wp:attachment":[{"href":"https:\/\/progepe.ufpr.br\/portarias\/wp-json\/wp\/v2\/media?parent=49505"}],"wp:term":[{"taxonomy":"category","embeddable":true,"href":"https:\/\/progepe.ufpr.br\/portarias\/wp-json\/wp\/v2\/categories?post=49505"},{"taxonomy":"post_tag","embeddable":true,"href":"https:\/\/progepe.ufpr.br\/portarias\/wp-json\/wp\/v2\/tags?post=49505"}],"curies":[{"name":"wp","href":"https:\/\/api.w.org\/{rel}","templated":true}]}}