{"id":49827,"date":"2020-07-10T05:02:00","date_gmt":"2020-07-10T08:02:00","guid":{"rendered":"http:\/\/progepe.ufpr.br\/portal\/?post_type=portarias&#038;p=49827"},"modified":"2023-08-03T13:19:56","modified_gmt":"2023-08-03T16:19:56","slug":"rt-2020-01151","status":"publish","type":"post","link":"https:\/\/progepe.ufpr.br\/portarias\/rt-2020-01151\/","title":{"rendered":"PORTARIA N\u00ba 01151\/REITORIA, DE 10 DE JULHO DE 2020"},"content":{"rendered":"\n<p><strong>O Reitor da Universidade Federal do Paran\u00e1, <\/strong>no uso de\nsuas atribui\u00e7\u00f5es, tendo em vista o que consta na Resolu\u00e7\u00e3o n\u00ba 002\/2000-COPLAD;\ne, o que consta no processo n\u00ba 23075.036832\/2020-48,<\/p>\n\n\n\n<p>RESOLVE:<\/p>\n\n\n\n<p>Designar para compor a comiss\u00e3o respons\u00e1vel pela\nprimeira etapa da avalia\u00e7\u00e3o de desempenho em est\u00e1gio probat\u00f3rio da servidora ANA PAULA APPIO &#8211; 1153478, ocupante do cargo de Assistente em Administra\u00e7\u00e3o,\nlotada na Secretaria de \u00d3rg\u00e3os Colegiados da UFPR, os seguintes membros:<\/p>\n\n\n\n<ul class=\"wp-block-list\"><li>MELINA\nRABELO VIEIRA &#8211; 1229690<\/li><li>SILMARA\nLUCIA BINDO GROSCHUPF &#8211; 1657126<\/li><li>CINIRA\nSILVA GOMES &#8211; 2408930<\/li><\/ul>\n\n\n\n<p style=\"text-align:right\">Ricardo\nMarcelo Fonseca<\/p>\n","protected":false},"excerpt":{"rendered":"<p>Designar para compor a comiss\u00e3o respons\u00e1vel pela primeira etapa da avalia\u00e7\u00e3o de desempenho em est\u00e1gio probat\u00f3rio da servidora ANA PAULA APPIO &#8211; 1153478, ocupante do cargo de Assistente em Administra\u00e7\u00e3o, lotada na Secretaria de \u00d3rg\u00e3os Colegiados da UFPR, os seguintes membros:  <!-- wp:list \n\n<ul>\n\n<li>MELINA RABELO VIEIRA - 1229690<\/li>\n\n\n\n<li>SILMARA LUCIA BINDO GROSCHUPF - 1657126<\/li>\n\n\n\n<li>CINIRA SILVA GOMES - 2408930<\/li>\n\n<\/ul>\n\n <!-- \/wp:list  <!-- wp:paragraph {\"align\":\"right\"} \n\n<p style=\"text-align:right\">Ricardo Marcelo Fonseca\n<\/p>\n","protected":false},"author":49,"featured_media":0,"comment_status":"closed","ping_status":"closed","sticky":false,"template":"","format":"standard","meta":{"_acf_changed":false,"iawp_total_views":2,"footnotes":""},"categories":[117],"tags":[124],"class_list":["post-49827","post","type-post","status-publish","format-standard","hentry","category-rt","tag-comissao"],"acf":[],"_links":{"self":[{"href":"https:\/\/progepe.ufpr.br\/portarias\/wp-json\/wp\/v2\/posts\/49827","targetHints":{"allow":["GET"]}}],"collection":[{"href":"https:\/\/progepe.ufpr.br\/portarias\/wp-json\/wp\/v2\/posts"}],"about":[{"href":"https:\/\/progepe.ufpr.br\/portarias\/wp-json\/wp\/v2\/types\/post"}],"author":[{"embeddable":true,"href":"https:\/\/progepe.ufpr.br\/portarias\/wp-json\/wp\/v2\/users\/49"}],"replies":[{"embeddable":true,"href":"https:\/\/progepe.ufpr.br\/portarias\/wp-json\/wp\/v2\/comments?post=49827"}],"version-history":[{"count":1,"href":"https:\/\/progepe.ufpr.br\/portarias\/wp-json\/wp\/v2\/posts\/49827\/revisions"}],"predecessor-version":[{"id":195071,"href":"https:\/\/progepe.ufpr.br\/portarias\/wp-json\/wp\/v2\/posts\/49827\/revisions\/195071"}],"wp:attachment":[{"href":"https:\/\/progepe.ufpr.br\/portarias\/wp-json\/wp\/v2\/media?parent=49827"}],"wp:term":[{"taxonomy":"category","embeddable":true,"href":"https:\/\/progepe.ufpr.br\/portarias\/wp-json\/wp\/v2\/categories?post=49827"},{"taxonomy":"post_tag","embeddable":true,"href":"https:\/\/progepe.ufpr.br\/portarias\/wp-json\/wp\/v2\/tags?post=49827"}],"curies":[{"name":"wp","href":"https:\/\/api.w.org\/{rel}","templated":true}]}}