{"id":49852,"date":"2020-07-13T05:01:00","date_gmt":"2020-07-13T08:01:00","guid":{"rendered":"http:\/\/progepe.ufpr.br\/portal\/?post_type=portarias&#038;p=49852"},"modified":"2024-04-02T11:05:15","modified_gmt":"2024-04-02T14:05:15","slug":"rt-2020-01165","status":"publish","type":"post","link":"https:\/\/progepe.ufpr.br\/portarias\/rt-2020-01165\/","title":{"rendered":"PORTARIA N\u00ba 01165\/REITORIA, DE 13 DE JULHO DE 2020"},"content":{"rendered":"\n<p style=\"padding-left:43%\">O Reitor da Universidade Federal do Paran\u00e1, no uso de suas atribui\u00e7\u00f5es considerando o que consta no artigo 9\u00ba, inciso II da Lei n\u00ba 8.112\/90 e tendo em vista o que consta no processo n\u00ba 23075.023050\/2020-49,<\/p>\n\n\n\n<p style=\"padding-left:43%\"><strong>RESOLVE:<\/strong><\/p>\n\n\n\n<p>I. Alterar a <a href=\"https:\/\/progepe.ufpr.br\/portarias\/progepe-2017-04657\/\" data-type=\"post\" data-id=\"86097\">Portaria n\u00ba 4657\/PROGEPE, de 26 de outubro de 2017<\/a>, publicada no Di\u00e1rio Oficial da Uni\u00e3o de\u00a027 de outubro de 2017, se\u00e7\u00e3o 2, p\u00e1g. 32, referente \u00e0 nomea\u00e7\u00e3o do servidor AMARILIO MOTTA FLORIANO\u00a0&#8211; 1756454, na fun\u00e7\u00e3o de Assistente, FG-02, do Gabinete do Reitor,\u00a0para fazer constar que, a partir da data de publica\u00e7\u00e3o em DOU desta Portaria, a referida fun\u00e7\u00e3o\u00a0gratificada passa a denominar-se Chefe da Unidade de Processos, FG-02,\u00a0da Coordenadoria de Governan\u00e7a e Riscos da Pr\u00f3-Reitoria de Planejamento, Or\u00e7amento e Finan\u00e7as.<\/p>\n\n\n\n<p>II. O mencionado servidor cumprir\u00e1, obrigatoriamente, o regime de trabalho de tempo integral, de acordo com o disposto no \u00a7 5\u00ba, artigo 1\u00ba da Lei n\u00ba 8.168\/91.<\/p>\n\n\n\n<p>III. Cessar os efeitos do item II da <a href=\"https:\/\/progepe.ufpr.br\/portarias\/progepe-2017-04657\/\" data-type=\"post\" data-id=\"86097\">Portaria n\u00ba 4657\/PROGEPE, de 26 de outubro de 2017<\/a>.<\/p>\n","protected":false},"excerpt":{"rendered":"<p>I. Alterar a <a href=\"https:\/\/progepe.ufpr.br\/portarias\/progepe-2017-04657\/\" data-type=\"post\" data-id=\"86097\">Portaria n\u00ba 4657\/PROGEPE, de 26 de outubro de 2017<\/a>, publicada no Di\u00e1rio Oficial da Uni\u00e3o de\u00a027 de outubro de 2017, se\u00e7\u00e3o 2, p\u00e1g. 32, referente \u00e0 nomea\u00e7\u00e3o do servidor AMARILIO MOTTA FLORIANO\u00a0&#8211; 1756454, na fun\u00e7\u00e3o de Assistente, FG-02, do Gabinete do Reitor,\u00a0para fazer constar que, a partir da data de publica\u00e7\u00e3o em DOU desta Portaria, a referida fun\u00e7\u00e3o\u00a0gratificada passa a denominar-se Chefe da Unidade de Processos, FG-02,\u00a0da Coordenadoria de Governan\u00e7a e Riscos da Pr\u00f3-Reitoria de Planejamento, Or\u00e7amento e Finan\u00e7as.  II. O mencionado servidor cumprir\u00e1, obrigatoriamente, o regime de trabalho de tempo<\/p>\n","protected":false},"author":50,"featured_media":0,"comment_status":"closed","ping_status":"closed","sticky":false,"template":"","format":"standard","meta":{"_acf_changed":false,"iawp_total_views":0,"footnotes":""},"categories":[117],"tags":[120],"class_list":["post-49852","post","type-post","status-publish","format-standard","hentry","category-rt","tag-funcao"],"acf":[],"_links":{"self":[{"href":"https:\/\/progepe.ufpr.br\/portarias\/wp-json\/wp\/v2\/posts\/49852","targetHints":{"allow":["GET"]}}],"collection":[{"href":"https:\/\/progepe.ufpr.br\/portarias\/wp-json\/wp\/v2\/posts"}],"about":[{"href":"https:\/\/progepe.ufpr.br\/portarias\/wp-json\/wp\/v2\/types\/post"}],"author":[{"embeddable":true,"href":"https:\/\/progepe.ufpr.br\/portarias\/wp-json\/wp\/v2\/users\/50"}],"replies":[{"embeddable":true,"href":"https:\/\/progepe.ufpr.br\/portarias\/wp-json\/wp\/v2\/comments?post=49852"}],"version-history":[{"count":4,"href":"https:\/\/progepe.ufpr.br\/portarias\/wp-json\/wp\/v2\/posts\/49852\/revisions"}],"predecessor-version":[{"id":255440,"href":"https:\/\/progepe.ufpr.br\/portarias\/wp-json\/wp\/v2\/posts\/49852\/revisions\/255440"}],"wp:attachment":[{"href":"https:\/\/progepe.ufpr.br\/portarias\/wp-json\/wp\/v2\/media?parent=49852"}],"wp:term":[{"taxonomy":"category","embeddable":true,"href":"https:\/\/progepe.ufpr.br\/portarias\/wp-json\/wp\/v2\/categories?post=49852"},{"taxonomy":"post_tag","embeddable":true,"href":"https:\/\/progepe.ufpr.br\/portarias\/wp-json\/wp\/v2\/tags?post=49852"}],"curies":[{"name":"wp","href":"https:\/\/api.w.org\/{rel}","templated":true}]}}