{"id":49871,"date":"2020-07-13T05:02:00","date_gmt":"2020-07-13T08:02:00","guid":{"rendered":"http:\/\/progepe.ufpr.br\/portal\/?post_type=portarias&#038;p=49871"},"modified":"2023-08-03T13:19:58","modified_gmt":"2023-08-03T16:19:58","slug":"rt-2020-01166","status":"publish","type":"post","link":"https:\/\/progepe.ufpr.br\/portarias\/rt-2020-01166\/","title":{"rendered":"PORTARIA N\u00ba 01166\/REITORIA, DE 13 DE JULHO DE 2020"},"content":{"rendered":"\n<p><strong>O Reitor da Universidade Federal do Paran\u00e1, <\/strong>no uso de suas atribui\u00e7\u00f5es considerando o que consta no artigo 9\u00ba, inciso II da Lei n\u00ba 8.112\/90 e tendo em vista o que consta no processo n\u00ba 23075.004006\/2020-30, <\/p>\n\n\n\n<p>RESOLVE: <\/p>\n\n\n\n<p>I. Alterar a Portaria n\u00ba 4101\/PROGEPE, de 06 de\nsetembro de 2018, publicada no Di\u00e1rio Oficial da Uni\u00e3o de&nbsp;10 de setembro\nde 2018, se\u00e7\u00e3o 2, p\u00e1g. 27, referente \u00e0 nomea\u00e7\u00e3o da servidora VANESSA SAYURI\nUMEBALA HOSHINA &#8211; 1979407, na fun\u00e7\u00e3o de Secret\u00e1ria Administrativa do Programa\nde P\u00f3s- Gradua\u00e7\u00e3o em Direito, FG \u2013 03, do Setor de Ci\u00eancias\nJur\u00eddicas,&nbsp;para fazer constar que, a partir da data de publica\u00e7\u00e3o em DOU\ndesta Portaria, a referida fun\u00e7\u00e3o&nbsp; gratificada passa a denominar-se Chefe\nda Se\u00e7\u00e3o de Apoio aos Programas de P\u00f3s-Gradua\u00e7\u00e3o, FG-03, do Setor de Ci\u00eancias\nJur\u00eddicas.<\/p>\n\n\n\n<p>II. Cessar os efeitos do item IV da Portaria n\u00ba\n4101\/PROGEPE, de 06 de setembro de 2018.<\/p>\n\n\n\n<p class=\"has-text-align-right\"><\/p>\n","protected":false},"excerpt":{"rendered":"<p>O Reitor da Universidade Federal do Paran\u00e1, no uso de suas atribui\u00e7\u00f5es considerando o que consta no artigo 9\u00ba, inciso II da Lei n\u00ba 8.112\/90 e tendo em vista o que consta no processo n\u00ba 23075.004006\/2020-30, RESOLVE: I. Alterar a Portaria n\u00ba 4101\/PROGEPE, de 06 de setembro de 2018, publicada no Di\u00e1rio Oficial da Uni\u00e3o [&hellip;]<\/p>\n","protected":false},"author":50,"featured_media":0,"comment_status":"closed","ping_status":"open","sticky":false,"template":"","format":"standard","meta":{"_acf_changed":false,"iawp_total_views":2,"footnotes":""},"categories":[117],"tags":[120],"class_list":["post-49871","post","type-post","status-publish","format-standard","hentry","category-rt","tag-funcao"],"acf":[],"_links":{"self":[{"href":"https:\/\/progepe.ufpr.br\/portarias\/wp-json\/wp\/v2\/posts\/49871","targetHints":{"allow":["GET"]}}],"collection":[{"href":"https:\/\/progepe.ufpr.br\/portarias\/wp-json\/wp\/v2\/posts"}],"about":[{"href":"https:\/\/progepe.ufpr.br\/portarias\/wp-json\/wp\/v2\/types\/post"}],"author":[{"embeddable":true,"href":"https:\/\/progepe.ufpr.br\/portarias\/wp-json\/wp\/v2\/users\/50"}],"replies":[{"embeddable":true,"href":"https:\/\/progepe.ufpr.br\/portarias\/wp-json\/wp\/v2\/comments?post=49871"}],"version-history":[{"count":3,"href":"https:\/\/progepe.ufpr.br\/portarias\/wp-json\/wp\/v2\/posts\/49871\/revisions"}],"predecessor-version":[{"id":124955,"href":"https:\/\/progepe.ufpr.br\/portarias\/wp-json\/wp\/v2\/posts\/49871\/revisions\/124955"}],"wp:attachment":[{"href":"https:\/\/progepe.ufpr.br\/portarias\/wp-json\/wp\/v2\/media?parent=49871"}],"wp:term":[{"taxonomy":"category","embeddable":true,"href":"https:\/\/progepe.ufpr.br\/portarias\/wp-json\/wp\/v2\/categories?post=49871"},{"taxonomy":"post_tag","embeddable":true,"href":"https:\/\/progepe.ufpr.br\/portarias\/wp-json\/wp\/v2\/tags?post=49871"}],"curies":[{"name":"wp","href":"https:\/\/api.w.org\/{rel}","templated":true}]}}