{"id":49889,"date":"2020-07-13T05:00:00","date_gmt":"2020-07-13T08:00:00","guid":{"rendered":"http:\/\/progepe.ufpr.br\/portal\/?post_type=portarias&#038;p=49889"},"modified":"2023-08-03T13:19:58","modified_gmt":"2023-08-03T16:19:58","slug":"rt-2020-01164","status":"publish","type":"post","link":"https:\/\/progepe.ufpr.br\/portarias\/rt-2020-01164\/","title":{"rendered":"PORTARIA N\u00ba 01164\/REITORIA, DE 13 DE JULHO DE 2020"},"content":{"rendered":"\n<p><strong>O Reitor da Universidade Federal do Paran\u00e1, <\/strong>no uso de suas atribui\u00e7\u00f5es considerando o que consta no artigo 9\u00ba, inciso II da Lei n\u00ba 8.112\/90 e tendo em vista o que consta no processo n\u00ba 23075.023050\/2020-49, <\/p>\n\n\n\n<p>RESOLVE: <\/p>\n\n\n\n<p>I. Alterar a Portaria n\u00ba 1920\/REITORIA, de 29 de\njulho de 2015, publicada no Di\u00e1rio Oficial da Uni\u00e3o de&nbsp;03 de agosto de\n2015, se\u00e7\u00e3o 2, p\u00e1g. 31, referente \u00e0 nomea\u00e7\u00e3o do servidor ALDEMIR JUNGLOS &#8211;\n1204261, no cargo de dire\u00e7\u00e3o de Assessor de Assuntos Especiais, CD-04, do\nGabinete do Reitor,&nbsp;para fazer constar que, a partir da data de publica\u00e7\u00e3o\nem DOU desta Portaria, o referido cargo de dire\u00e7\u00e3o passa a denominar-se\nCoordenador, CD-04, da Coordenadoria de Governan\u00e7a e Riscos da Pr\u00f3-Reitoria de\nPlanejamento, Or\u00e7amento e Finan\u00e7as.<\/p>\n\n\n\n<p>II. O mencionado servidor cumprir\u00e1,\nobrigatoriamente, o regime de trabalho de tempo integral, de acordo com o\ndisposto no \u00a7 5\u00ba, artigo 1\u00ba da Lei n\u00ba 8.168\/91.<\/p>\n\n\n\n<p>III. Cessar os efeitos da Portaria n\u00ba 574\/REITORIA,\nde 18 de agosto de 2017 e do item II da Portaria n\u00ba 1920\/REITORIA, de 29 de\njulho de 2015. <\/p>\n\n\n\n<p style=\"text-align:right\"><strong>RICARDO MARCELO FONSECA<\/strong><\/p>\n","protected":false},"excerpt":{"rendered":"<p>O Reitor da Universidade Federal do Paran\u00e1, no uso de suas atribui\u00e7\u00f5es considerando o que consta no artigo 9\u00ba, inciso II da Lei n\u00ba 8.112\/90 e tendo em vista o que consta no processo n\u00ba 23075.023050\/2020-49, RESOLVE: I. Alterar a Portaria n\u00ba 1920\/REITORIA, de 29 de julho de 2015, publicada no Di\u00e1rio Oficial da Uni\u00e3o [&hellip;]<\/p>\n","protected":false},"author":50,"featured_media":0,"comment_status":"closed","ping_status":"closed","sticky":false,"template":"","format":"standard","meta":{"_acf_changed":false,"iawp_total_views":0,"footnotes":""},"categories":[117],"tags":[120],"class_list":["post-49889","post","type-post","status-publish","format-standard","hentry","category-rt","tag-funcao"],"acf":[],"_links":{"self":[{"href":"https:\/\/progepe.ufpr.br\/portarias\/wp-json\/wp\/v2\/posts\/49889","targetHints":{"allow":["GET"]}}],"collection":[{"href":"https:\/\/progepe.ufpr.br\/portarias\/wp-json\/wp\/v2\/posts"}],"about":[{"href":"https:\/\/progepe.ufpr.br\/portarias\/wp-json\/wp\/v2\/types\/post"}],"author":[{"embeddable":true,"href":"https:\/\/progepe.ufpr.br\/portarias\/wp-json\/wp\/v2\/users\/50"}],"replies":[{"embeddable":true,"href":"https:\/\/progepe.ufpr.br\/portarias\/wp-json\/wp\/v2\/comments?post=49889"}],"version-history":[{"count":1,"href":"https:\/\/progepe.ufpr.br\/portarias\/wp-json\/wp\/v2\/posts\/49889\/revisions"}],"predecessor-version":[{"id":195083,"href":"https:\/\/progepe.ufpr.br\/portarias\/wp-json\/wp\/v2\/posts\/49889\/revisions\/195083"}],"wp:attachment":[{"href":"https:\/\/progepe.ufpr.br\/portarias\/wp-json\/wp\/v2\/media?parent=49889"}],"wp:term":[{"taxonomy":"category","embeddable":true,"href":"https:\/\/progepe.ufpr.br\/portarias\/wp-json\/wp\/v2\/categories?post=49889"},{"taxonomy":"post_tag","embeddable":true,"href":"https:\/\/progepe.ufpr.br\/portarias\/wp-json\/wp\/v2\/tags?post=49889"}],"curies":[{"name":"wp","href":"https:\/\/api.w.org\/{rel}","templated":true}]}}