{"id":49902,"date":"2020-07-13T05:03:00","date_gmt":"2020-07-13T08:03:00","guid":{"rendered":"http:\/\/progepe.ufpr.br\/portal\/?post_type=portarias&#038;p=49902"},"modified":"2023-08-03T13:19:58","modified_gmt":"2023-08-03T16:19:58","slug":"rt-2020-01167","status":"publish","type":"post","link":"https:\/\/progepe.ufpr.br\/portarias\/rt-2020-01167\/","title":{"rendered":"PORTARIA N\u00ba 01167\/REITORIA, DE 13 DE JULHO DE 2020"},"content":{"rendered":"\n<p><strong>O Reitor da Universidade Federal do Paran\u00e1, <\/strong>no uso de suas atribui\u00e7\u00f5es considerando o que consta no artigo 9\u00ba, inciso II da Lei n\u00ba 8.112\/90 e tendo em vista o que consta no processo n\u00ba 23075.011351\/2020-20, <\/p>\n\n\n\n<p>RESOLVE: <\/p>\n\n\n\n<p>Alterar a Portaria n\u00ba 318\/REITORIA, de 05 de maio\nde 2017, publicada no Di\u00e1rio Oficial da Uni\u00e3o de&nbsp;09 de maio de 2017, se\u00e7\u00e3o\n2, p\u00e1g. 28, referente \u00e0 nomea\u00e7\u00e3o do servidor PAULO CESAR BRAGA PACHECO &#8211;\n2544636, no cargo de dire\u00e7\u00e3o de Coordenador do Plano Diretor, CD-04, da\nPr\u00f3-Reitoria de Administra\u00e7\u00e3o,&nbsp;para fazer constar que, a partir da data de\npublica\u00e7\u00e3o em DOU desta Portaria, o referido cargo de dire\u00e7\u00e3o passa a\ndenominar-se Coordenador, CD-04, da Coordenadoria do Plano Diretor da\nSuperintend\u00eancia de Infraestrutura.<\/p>\n\n\n\n<p style=\"text-align:right\"><strong>RICARDO MARCELO FONSECA<\/strong><\/p>\n","protected":false},"excerpt":{"rendered":"<p>O Reitor da Universidade Federal do Paran\u00e1, no uso de suas atribui\u00e7\u00f5es considerando o que consta no artigo 9\u00ba, inciso II da Lei n\u00ba 8.112\/90 e tendo em vista o que consta no processo n\u00ba 23075.011351\/2020-20, RESOLVE: Alterar a Portaria n\u00ba 318\/REITORIA, de 05 de maio de 2017, publicada no Di\u00e1rio Oficial da Uni\u00e3o de&nbsp;09 [&hellip;]<\/p>\n","protected":false},"author":50,"featured_media":0,"comment_status":"closed","ping_status":"closed","sticky":false,"template":"","format":"standard","meta":{"_acf_changed":false,"iawp_total_views":1,"footnotes":""},"categories":[117],"tags":[120],"class_list":["post-49902","post","type-post","status-publish","format-standard","hentry","category-rt","tag-funcao"],"acf":[],"_links":{"self":[{"href":"https:\/\/progepe.ufpr.br\/portarias\/wp-json\/wp\/v2\/posts\/49902","targetHints":{"allow":["GET"]}}],"collection":[{"href":"https:\/\/progepe.ufpr.br\/portarias\/wp-json\/wp\/v2\/posts"}],"about":[{"href":"https:\/\/progepe.ufpr.br\/portarias\/wp-json\/wp\/v2\/types\/post"}],"author":[{"embeddable":true,"href":"https:\/\/progepe.ufpr.br\/portarias\/wp-json\/wp\/v2\/users\/50"}],"replies":[{"embeddable":true,"href":"https:\/\/progepe.ufpr.br\/portarias\/wp-json\/wp\/v2\/comments?post=49902"}],"version-history":[{"count":1,"href":"https:\/\/progepe.ufpr.br\/portarias\/wp-json\/wp\/v2\/posts\/49902\/revisions"}],"predecessor-version":[{"id":195086,"href":"https:\/\/progepe.ufpr.br\/portarias\/wp-json\/wp\/v2\/posts\/49902\/revisions\/195086"}],"wp:attachment":[{"href":"https:\/\/progepe.ufpr.br\/portarias\/wp-json\/wp\/v2\/media?parent=49902"}],"wp:term":[{"taxonomy":"category","embeddable":true,"href":"https:\/\/progepe.ufpr.br\/portarias\/wp-json\/wp\/v2\/categories?post=49902"},{"taxonomy":"post_tag","embeddable":true,"href":"https:\/\/progepe.ufpr.br\/portarias\/wp-json\/wp\/v2\/tags?post=49902"}],"curies":[{"name":"wp","href":"https:\/\/api.w.org\/{rel}","templated":true}]}}