{"id":49907,"date":"2020-07-13T05:04:00","date_gmt":"2020-07-13T08:04:00","guid":{"rendered":"http:\/\/progepe.ufpr.br\/portal\/?post_type=portarias&#038;p=49907"},"modified":"2023-08-03T13:19:58","modified_gmt":"2023-08-03T16:19:58","slug":"rt-2020-01168","status":"publish","type":"post","link":"https:\/\/progepe.ufpr.br\/portarias\/rt-2020-01168\/","title":{"rendered":"PORTARIA N\u00ba 01168\/REITORIA, DE 13 DE JULHO DE 2020"},"content":{"rendered":"\n<p><strong>O Reitor da Universidade Federal do Paran\u00e1, <\/strong>no uso de suas atribui\u00e7\u00f5es considerando o que consta no artigo 9\u00ba, inciso II da Lei n\u00ba 8.112\/90 e tendo em vista o que consta no processo n\u00ba 23075.011487\/2020-30,<\/p>\n\n\n\n<p>RESOLVE: <\/p>\n\n\n\n<p>I. Alterar a Portaria n\u00ba39\/REITORIA, de 07 de\njaneiro de 2020, publicada no Di\u00e1rio Oficial da Uni\u00e3o de&nbsp;13 de janeiro de\n2020, se\u00e7\u00e3o 2, p\u00e1g. 25, referente \u00e0 nomea\u00e7\u00e3o do servidor ALISSON LUAN DAGA &#8211;\n3000564, na fun\u00e7\u00e3o de Chefe da Unidade Descentralizada Setor Palotina, FG-02,\nda Superintend\u00eancia de Infraestrutura,&nbsp;para fazer constar que, a partir da\ndata de publica\u00e7\u00e3o em DOU desta Portaria, a referida fun\u00e7\u00e3o&nbsp; gratificada\npassa a denominar-se Chefe da Unidade Descentralizada, FG-02, da Coordenadoria\nT\u00e9cnica da Superintend\u00eancia de Infraestrutura.<\/p>\n\n\n\n<p>II. Assim que for exonerado da citada fun\u00e7\u00e3o, a\nlota\u00e7\u00e3o de exerc\u00edcio do servidor volta a ser as Usinas Piloto de Tecnologia\nQu\u00edmica do Setor de Tecnologia.<\/p>\n\n\n\n<p>III. Cessar os efeitos do item V da Portaria\nn\u00ba39\/REITORIA, de 07 de janeiro de 2020.<\/p>\n\n\n\n<p style=\"text-align:right\"><strong>RICARDO MARCELO FONSECA<\/strong><\/p>\n","protected":false},"excerpt":{"rendered":"<p>O Reitor da Universidade Federal do Paran\u00e1, no uso de suas atribui\u00e7\u00f5es considerando o que consta no artigo 9\u00ba, inciso II da Lei n\u00ba 8.112\/90 e tendo em vista o que consta no processo n\u00ba 23075.011487\/2020-30, RESOLVE: I. Alterar a Portaria n\u00ba39\/REITORIA, de 07 de janeiro de 2020, publicada no Di\u00e1rio Oficial da Uni\u00e3o de&nbsp;13 [&hellip;]<\/p>\n","protected":false},"author":50,"featured_media":0,"comment_status":"closed","ping_status":"closed","sticky":false,"template":"","format":"standard","meta":{"_acf_changed":false,"iawp_total_views":0,"footnotes":""},"categories":[117],"tags":[120],"class_list":["post-49907","post","type-post","status-publish","format-standard","hentry","category-rt","tag-funcao"],"acf":[],"_links":{"self":[{"href":"https:\/\/progepe.ufpr.br\/portarias\/wp-json\/wp\/v2\/posts\/49907","targetHints":{"allow":["GET"]}}],"collection":[{"href":"https:\/\/progepe.ufpr.br\/portarias\/wp-json\/wp\/v2\/posts"}],"about":[{"href":"https:\/\/progepe.ufpr.br\/portarias\/wp-json\/wp\/v2\/types\/post"}],"author":[{"embeddable":true,"href":"https:\/\/progepe.ufpr.br\/portarias\/wp-json\/wp\/v2\/users\/50"}],"replies":[{"embeddable":true,"href":"https:\/\/progepe.ufpr.br\/portarias\/wp-json\/wp\/v2\/comments?post=49907"}],"version-history":[{"count":1,"href":"https:\/\/progepe.ufpr.br\/portarias\/wp-json\/wp\/v2\/posts\/49907\/revisions"}],"predecessor-version":[{"id":195087,"href":"https:\/\/progepe.ufpr.br\/portarias\/wp-json\/wp\/v2\/posts\/49907\/revisions\/195087"}],"wp:attachment":[{"href":"https:\/\/progepe.ufpr.br\/portarias\/wp-json\/wp\/v2\/media?parent=49907"}],"wp:term":[{"taxonomy":"category","embeddable":true,"href":"https:\/\/progepe.ufpr.br\/portarias\/wp-json\/wp\/v2\/categories?post=49907"},{"taxonomy":"post_tag","embeddable":true,"href":"https:\/\/progepe.ufpr.br\/portarias\/wp-json\/wp\/v2\/tags?post=49907"}],"curies":[{"name":"wp","href":"https:\/\/api.w.org\/{rel}","templated":true}]}}