{"id":49959,"date":"2020-07-17T10:01:00","date_gmt":"2020-07-17T13:01:00","guid":{"rendered":"http:\/\/progepe.ufpr.br\/portal\/?post_type=portarias&#038;p=49959"},"modified":"2023-08-03T12:56:59","modified_gmt":"2023-08-03T15:56:59","slug":"progepe-2020-02130","status":"publish","type":"post","link":"https:\/\/progepe.ufpr.br\/portarias\/progepe-2020-02130\/","title":{"rendered":"PORTARIA N\u00ba 02130\/PROGEPE, DE 17 DE JULHO DE 2020"},"content":{"rendered":"\n<p><strong>O\nPr\u00f3-Reitor de Gest\u00e3o de Pessoas da Universidade Federal do Paran\u00e1<\/strong>,\nno uso de suas atribui\u00e7\u00f5es, que lhe\nconfere ato normativo Portaria n. 2.590\/REITORIA, de 26 de setembro de 1997 e\nconsiderando o disposto em ATO DE CONCESS\u00c3O n\u00ba 136 de 30\/03\/2020,<\/p>\n\n\n\n<p>RESOLVE:<\/p>\n\n\n\n<p>Conceder o\nadicional ocupacional conforme listado para os servidores que atuaram nas\nunidades de tratamento exclusivo da COVID, tendo em vista: a) Processo:\n23075.038120\/2020-63; e, b) Parecer T\u00e9cnico COVID: 36\/2020-UST.<\/p>\n\n\n\n<p>Servidor: REGINA\nAPARECIDA TREMARIN. Cargo: AUXILIAR\nDE ENFERMAGEM. Lota\u00e7\u00e3o: 445\n&#8211; HC\/DAS\/NNP\/NEU- EQUIPE DE ENF NEUROLOGIA. Adicional:\nINSALUBRIDADE GRAU M\u00c1XIMO. In\u00edcio da Concess\u00e3o: 12\/07\/2020.<\/p>\n\n\n\n<p style=\"text-align:right\">Douglas Ortiz Hamermuller<\/p>\n","protected":false},"excerpt":{"rendered":"<p>Conceder o adicional ocupacional conforme listado para os servidores que atuaram nas unidades de tratamento exclusivo da COVID, tendo em vista: a) Processo: 23075.038120\/2020-63; e, b) Parecer T\u00e9cnico COVID: 36\/2020-UST.  Servidor: REGINA APARECIDA TREMARIN. Cargo: AUXILIAR DE ENFERMAGEM. Lota\u00e7\u00e3o: 445 &#8211; HC\/DAS\/NNP\/NEU- EQUIPE DE ENF NEUROLOGIA. Adicional: INSALUBRIDADE GRAU M\u00c1XIMO. In\u00edcio da Concess\u00e3o: 12\/07\/2020.  <!-- wp:paragraph {\"align\":\"right\"} \n\n<p style=\"text-align:right\">Douglas Ortiz Hamermuller\n<\/p>\n","protected":false},"author":49,"featured_media":0,"comment_status":"closed","ping_status":"closed","sticky":false,"template":"","format":"standard","meta":{"_acf_changed":false,"iawp_total_views":0,"footnotes":""},"categories":[116],"tags":[139],"class_list":["post-49959","post","type-post","status-publish","format-standard","hentry","category-progepe","tag-adicional"],"acf":[],"_links":{"self":[{"href":"https:\/\/progepe.ufpr.br\/portarias\/wp-json\/wp\/v2\/posts\/49959","targetHints":{"allow":["GET"]}}],"collection":[{"href":"https:\/\/progepe.ufpr.br\/portarias\/wp-json\/wp\/v2\/posts"}],"about":[{"href":"https:\/\/progepe.ufpr.br\/portarias\/wp-json\/wp\/v2\/types\/post"}],"author":[{"embeddable":true,"href":"https:\/\/progepe.ufpr.br\/portarias\/wp-json\/wp\/v2\/users\/49"}],"replies":[{"embeddable":true,"href":"https:\/\/progepe.ufpr.br\/portarias\/wp-json\/wp\/v2\/comments?post=49959"}],"version-history":[{"count":1,"href":"https:\/\/progepe.ufpr.br\/portarias\/wp-json\/wp\/v2\/posts\/49959\/revisions"}],"predecessor-version":[{"id":195097,"href":"https:\/\/progepe.ufpr.br\/portarias\/wp-json\/wp\/v2\/posts\/49959\/revisions\/195097"}],"wp:attachment":[{"href":"https:\/\/progepe.ufpr.br\/portarias\/wp-json\/wp\/v2\/media?parent=49959"}],"wp:term":[{"taxonomy":"category","embeddable":true,"href":"https:\/\/progepe.ufpr.br\/portarias\/wp-json\/wp\/v2\/categories?post=49959"},{"taxonomy":"post_tag","embeddable":true,"href":"https:\/\/progepe.ufpr.br\/portarias\/wp-json\/wp\/v2\/tags?post=49959"}],"curies":[{"name":"wp","href":"https:\/\/api.w.org\/{rel}","templated":true}]}}