{"id":50061,"date":"2020-07-20T10:00:00","date_gmt":"2020-07-20T13:00:00","guid":{"rendered":"http:\/\/progepe.ufpr.br\/portal\/?post_type=portarias&#038;p=50061"},"modified":"2023-08-03T12:56:59","modified_gmt":"2023-08-03T15:56:59","slug":"progepe-2020-02134","status":"publish","type":"post","link":"https:\/\/progepe.ufpr.br\/portarias\/progepe-2020-02134\/","title":{"rendered":"PORTARIA N\u00ba 02134\/PROGEPE, DE 20 DE JULHO DE 2020"},"content":{"rendered":"\n<p><strong>O Pr\u00f3-Reitor de Gest\u00e3o de Pessoas da Universidade Federal do Paran\u00e1, <\/strong>no uso de\nsuas atribui\u00e7\u00f5es, tendo em vista a compet\u00eancia que lhe \u00e9 conferida pela\nPortaria n\u00ba 2.590, de 26 de setembro de 1997, de acordo com a Lei n\u00ba\n11.091\/2005 (Art. 10 \u00a7\u00a7 1\u00ba e 4\u00ba); Decreto n\u00ba 5.824\/2006 (Art. 4\u00ba \u00a7 1\u00ba);\nPortaria n\u00ba 09\/2006-MEC; Portaria n\u00ba 39\/2011-MEC; Parecer n\u00ba\n50.151\/2015-DCC\/COLEP\/CGGP\/SAA; Portaria n\u00ba 18.908\/PROGEPE, de 16\/08\/2016; e, o\ncontido no processo n\u00ba 23075.032339\/2020-59,<\/p>\n\n\n\n<p>RESOLVE:<\/p>\n\n\n\n<p>Conceder progress\u00e3o por capacita\u00e7\u00e3o profissional \u00e0\nservidora LIVIA\nYULMI YOSHIDA &#8211; 2182021, ocupante do cargo de Assistente em Administra\u00e7\u00e3o,\nlotada no Departamento de Cirurgia do Setor de Ci\u00eancias da Sa\u00fade, do n\u00edvel D-03\npara o D-04, padr\u00e3o de Vencimento 03, a partir de 18 de junho de 2020, conforme\nParecer da Se\u00e7\u00e3o de An\u00e1lise de T\u00edtulos no processo n\u00ba 23075.032339\/2020-59.<\/p>\n\n\n\n<p style=\"text-align:right\">Douglas Ortiz Hamermuller<\/p>\n","protected":false},"excerpt":{"rendered":"<p>Conceder progress\u00e3o por capacita\u00e7\u00e3o profissional \u00e0 servidora LIVIA YULMI YOSHIDA &#8211; 2182021, ocupante do cargo de Assistente em Administra\u00e7\u00e3o, lotada no Departamento de Cirurgia do Setor de Ci\u00eancias da Sa\u00fade, do n\u00edvel D-03 para o D-04, padr\u00e3o de Vencimento 03, a partir de 18 de junho de 2020, conforme Parecer da Se\u00e7\u00e3o de An\u00e1lise de T\u00edtulos no processo n\u00ba 23075.032339\/2020-59.  <!-- wp:paragraph {\"align\":\"right\"} \n\n<p style=\"text-align:right\">Douglas Ortiz Hamermuller\n<\/p>\n","protected":false},"author":49,"featured_media":0,"comment_status":"closed","ping_status":"closed","sticky":false,"template":"","format":"standard","meta":{"_acf_changed":false,"iawp_total_views":3,"footnotes":""},"categories":[116],"tags":[143],"class_list":["post-50061","post","type-post","status-publish","format-standard","hentry","category-progepe","tag-progressao-promocao"],"acf":[],"_links":{"self":[{"href":"https:\/\/progepe.ufpr.br\/portarias\/wp-json\/wp\/v2\/posts\/50061","targetHints":{"allow":["GET"]}}],"collection":[{"href":"https:\/\/progepe.ufpr.br\/portarias\/wp-json\/wp\/v2\/posts"}],"about":[{"href":"https:\/\/progepe.ufpr.br\/portarias\/wp-json\/wp\/v2\/types\/post"}],"author":[{"embeddable":true,"href":"https:\/\/progepe.ufpr.br\/portarias\/wp-json\/wp\/v2\/users\/49"}],"replies":[{"embeddable":true,"href":"https:\/\/progepe.ufpr.br\/portarias\/wp-json\/wp\/v2\/comments?post=50061"}],"version-history":[{"count":1,"href":"https:\/\/progepe.ufpr.br\/portarias\/wp-json\/wp\/v2\/posts\/50061\/revisions"}],"predecessor-version":[{"id":195120,"href":"https:\/\/progepe.ufpr.br\/portarias\/wp-json\/wp\/v2\/posts\/50061\/revisions\/195120"}],"wp:attachment":[{"href":"https:\/\/progepe.ufpr.br\/portarias\/wp-json\/wp\/v2\/media?parent=50061"}],"wp:term":[{"taxonomy":"category","embeddable":true,"href":"https:\/\/progepe.ufpr.br\/portarias\/wp-json\/wp\/v2\/categories?post=50061"},{"taxonomy":"post_tag","embeddable":true,"href":"https:\/\/progepe.ufpr.br\/portarias\/wp-json\/wp\/v2\/tags?post=50061"}],"curies":[{"name":"wp","href":"https:\/\/api.w.org\/{rel}","templated":true}]}}