{"id":50071,"date":"2020-07-20T10:02:00","date_gmt":"2020-07-20T13:02:00","guid":{"rendered":"http:\/\/progepe.ufpr.br\/portal\/?post_type=portarias&#038;p=50071"},"modified":"2023-08-03T12:56:59","modified_gmt":"2023-08-03T15:56:59","slug":"progepe-2020-02136","status":"publish","type":"post","link":"https:\/\/progepe.ufpr.br\/portarias\/progepe-2020-02136\/","title":{"rendered":"PORTARIA N\u00ba 02136\/PROGEPE, DE 20 DE JULHO DE 2020"},"content":{"rendered":"\n<p><strong>O Pr\u00f3-Reitor de Gest\u00e3o de Pessoas da Universidade Federal do Paran\u00e1,<\/strong> no uso de\nsuas atribui\u00e7\u00f5es, tendo em vista a compet\u00eancia que lhe \u00e9 conferida pela\nPortaria n\u00ba 2.590, de 26 de setembro de 1997 e considerando o que consta no\nprocesso n\u00ba 23075.032370\/2020-90,<\/p>\n\n\n\n<p>RESOLVE:<\/p>\n\n\n\n<p>Autorizar, a partir de 25 de maio de 2020, a\nmovimenta\u00e7\u00e3o do servidor DJAVAN FERNANDO DOS SANTOS &#8211; 2968516,\nocupante do cargo de Analista de Tecnologia da Informa\u00e7\u00e3o, para a Coordenadoria\nde Sistemas de Informa\u00e7\u00e3o para a Gest\u00e3o Acad\u00eamica da Pr\u00f3-Reitoria de Gradua\u00e7\u00e3o\ne Educa\u00e7\u00e3o Profissional.<\/p>\n\n\n\n<p style=\"text-align:right\">Douglas\nOrtiz Hamermuller<\/p>\n","protected":false},"excerpt":{"rendered":"<p>Autorizar, a partir de 25 de maio de 2020, a movimenta\u00e7\u00e3o do servidor DJAVAN FERNANDO DOS SANTOS &#8211; 2968516, ocupante do cargo de Analista de Tecnologia da Informa\u00e7\u00e3o, para a Coordenadoria de Sistemas de Informa\u00e7\u00e3o para a Gest\u00e3o Acad\u00eamica da Pr\u00f3-Reitoria de Gradua\u00e7\u00e3o e Educa\u00e7\u00e3o Profissional.  <!-- wp:paragraph {\"align\":\"right\"} \n\n<p style=\"text-align:right\">Douglas Ortiz Hamermuller\n<\/p>\n","protected":false},"author":49,"featured_media":0,"comment_status":"closed","ping_status":"closed","sticky":false,"template":"","format":"standard","meta":{"_acf_changed":false,"iawp_total_views":2,"footnotes":""},"categories":[116],"tags":[135],"class_list":["post-50071","post","type-post","status-publish","format-standard","hentry","category-progepe","tag-remocao"],"acf":[],"_links":{"self":[{"href":"https:\/\/progepe.ufpr.br\/portarias\/wp-json\/wp\/v2\/posts\/50071","targetHints":{"allow":["GET"]}}],"collection":[{"href":"https:\/\/progepe.ufpr.br\/portarias\/wp-json\/wp\/v2\/posts"}],"about":[{"href":"https:\/\/progepe.ufpr.br\/portarias\/wp-json\/wp\/v2\/types\/post"}],"author":[{"embeddable":true,"href":"https:\/\/progepe.ufpr.br\/portarias\/wp-json\/wp\/v2\/users\/49"}],"replies":[{"embeddable":true,"href":"https:\/\/progepe.ufpr.br\/portarias\/wp-json\/wp\/v2\/comments?post=50071"}],"version-history":[{"count":1,"href":"https:\/\/progepe.ufpr.br\/portarias\/wp-json\/wp\/v2\/posts\/50071\/revisions"}],"predecessor-version":[{"id":195122,"href":"https:\/\/progepe.ufpr.br\/portarias\/wp-json\/wp\/v2\/posts\/50071\/revisions\/195122"}],"wp:attachment":[{"href":"https:\/\/progepe.ufpr.br\/portarias\/wp-json\/wp\/v2\/media?parent=50071"}],"wp:term":[{"taxonomy":"category","embeddable":true,"href":"https:\/\/progepe.ufpr.br\/portarias\/wp-json\/wp\/v2\/categories?post=50071"},{"taxonomy":"post_tag","embeddable":true,"href":"https:\/\/progepe.ufpr.br\/portarias\/wp-json\/wp\/v2\/tags?post=50071"}],"curies":[{"name":"wp","href":"https:\/\/api.w.org\/{rel}","templated":true}]}}