{"id":50133,"date":"2020-07-22T10:02:00","date_gmt":"2020-07-22T13:02:00","guid":{"rendered":"http:\/\/progepe.ufpr.br\/portal\/?post_type=portarias&#038;p=50133"},"modified":"2023-08-03T12:57:01","modified_gmt":"2023-08-03T15:57:01","slug":"progepe-2020-02150","status":"publish","type":"post","link":"https:\/\/progepe.ufpr.br\/portarias\/progepe-2020-02150\/","title":{"rendered":"PORTARIA N\u00ba 02150\/PROGEPE, DE 22 DE JULHO DE 2020"},"content":{"rendered":"\n<p><strong>O Pr\u00f3-Reitor de Gest\u00e3o de Pessoas da Universidade Federal do Paran\u00e1, <\/strong>no uso de\nsuas atribui\u00e7\u00f5es, tendo em vista a compet\u00eancia que lhe \u00e9 conferida pela\nPortaria n\u00ba 2.590, de 26 de setembro de 1997; o que consta no Art. 87 da Lei n\u00ba\n8.112\/90; Decreto n\u00ba 9.991 de 28 de agosto de 2019; e, o que consta no processo\nn\u00ba 23075.033657\/2020-37,<\/p>\n\n\n\n<p>RESOLVE:<\/p>\n\n\n\n<p>Autorizar a licen\u00e7a para capacita\u00e7\u00e3o, referente ao\nper\u00edodo aquisitivo de 09\/03\/2011 a 03\/03\/2016, do servidor EMERSON JOUCOSKI &#8211; 2365062, ocupante do cargo de Professor do Ensino B\u00e1sico,\nT\u00e9cnico e Tecnol\u00f3gico, lotado no Setor Litoral, com a finalidade de realizar os\nCursos disponibilizados na plataforma Alura Ensino Online, conforme descrito no\nprocesso n\u00ba 23075.033657\/2020-37, no per\u00edodo de 12 de outubro de 2020 a 09 de\njaneiro de 2021.<\/p>\n\n\n\n<p style=\"text-align:right\">Douglas Ortiz Hamermuller<\/p>\n","protected":false},"excerpt":{"rendered":"<p>Autorizar a licen\u00e7a para capacita\u00e7\u00e3o, referente ao per\u00edodo aquisitivo de 09\/03\/2011 a 03\/03\/2016, do servidor EMERSON JOUCOSKI &#8211; 2365062, ocupante do cargo de Professor do Ensino B\u00e1sico, T\u00e9cnico e Tecnol\u00f3gico, lotado no Setor Litoral, com a finalidade de realizar os Cursos disponibilizados na plataforma Alura Ensino Online, conforme descrito no processo n\u00ba 23075.033657\/2020-37, no per\u00edodo de 12 de outubro de 2020 a 09 de janeiro de 2021.  <!-- wp:paragraph {\"align\":\"right\"} \n\n<p style=\"text-align:right\">Douglas Ortiz Hamermuller\n<\/p>\n","protected":false},"author":49,"featured_media":0,"comment_status":"closed","ping_status":"closed","sticky":false,"template":"","format":"standard","meta":{"_acf_changed":false,"iawp_total_views":0,"footnotes":""},"categories":[116],"tags":[123],"class_list":["post-50133","post","type-post","status-publish","format-standard","hentry","category-progepe","tag-afastamento-licenca"],"acf":[],"_links":{"self":[{"href":"https:\/\/progepe.ufpr.br\/portarias\/wp-json\/wp\/v2\/posts\/50133","targetHints":{"allow":["GET"]}}],"collection":[{"href":"https:\/\/progepe.ufpr.br\/portarias\/wp-json\/wp\/v2\/posts"}],"about":[{"href":"https:\/\/progepe.ufpr.br\/portarias\/wp-json\/wp\/v2\/types\/post"}],"author":[{"embeddable":true,"href":"https:\/\/progepe.ufpr.br\/portarias\/wp-json\/wp\/v2\/users\/49"}],"replies":[{"embeddable":true,"href":"https:\/\/progepe.ufpr.br\/portarias\/wp-json\/wp\/v2\/comments?post=50133"}],"version-history":[{"count":1,"href":"https:\/\/progepe.ufpr.br\/portarias\/wp-json\/wp\/v2\/posts\/50133\/revisions"}],"predecessor-version":[{"id":195135,"href":"https:\/\/progepe.ufpr.br\/portarias\/wp-json\/wp\/v2\/posts\/50133\/revisions\/195135"}],"wp:attachment":[{"href":"https:\/\/progepe.ufpr.br\/portarias\/wp-json\/wp\/v2\/media?parent=50133"}],"wp:term":[{"taxonomy":"category","embeddable":true,"href":"https:\/\/progepe.ufpr.br\/portarias\/wp-json\/wp\/v2\/categories?post=50133"},{"taxonomy":"post_tag","embeddable":true,"href":"https:\/\/progepe.ufpr.br\/portarias\/wp-json\/wp\/v2\/tags?post=50133"}],"curies":[{"name":"wp","href":"https:\/\/api.w.org\/{rel}","templated":true}]}}