{"id":50138,"date":"2020-07-22T05:03:00","date_gmt":"2020-07-22T08:03:00","guid":{"rendered":"http:\/\/progepe.ufpr.br\/portal\/?post_type=portarias&#038;p=50138"},"modified":"2023-08-03T13:20:03","modified_gmt":"2023-08-03T16:20:03","slug":"rt-2020-01200","status":"publish","type":"post","link":"https:\/\/progepe.ufpr.br\/portarias\/rt-2020-01200\/","title":{"rendered":"PORTARIA N\u00ba 01200\/REITORIA, DE 22 DE JULHO DE 2020"},"content":{"rendered":"\n<p><strong>O Reitor da Universidade Federal\ndo Paran\u00e1, <\/strong>no uso de suas\natribui\u00e7\u00f5es e tendo em vista o que consta no processo n\u00ba 23075.038670\/2020-82,<\/p>\n\n\n\n<p>RESOLVE:<\/p>\n\n\n\n<p>Designar\npara compor a comiss\u00e3o especial no acompanhamento do processo de expans\u00e3o do\nCentro de Estudos do Mar, com o objetivo de agilizar a busca por solu\u00e7\u00f5es de\ncurto, m\u00e9dio e longo prazo, os seguintes integrantes:<\/p>\n\n\n\n<p><strong>Presidente:<\/strong><\/p>\n\n\n\n<p>HELTON\nJOSE ALVES &#8211; 2713423<\/p>\n\n\n\n<p><strong>Membros:<\/strong><\/p>\n\n\n\n<p>FERNANDO\nAUGUSTO SILVEIRA ARMANI &#8211; 1221847<\/p>\n\n\n\n<p>GUILHERME\nSIPPEL MACHADO &#8211; 1068216<\/p>\n\n\n\n<p>GUSTAVO\nPACHECO TOMAS &#8211; 3059241<\/p>\n\n\n\n<p>JOS\u00c9\nGUILHERME BERSANO FILHO &#8211; 1357905<\/p>\n\n\n\n<p>MAIKON\nDI DOMENICO &#8211; 2255880<\/p>\n\n\n\n<p>MARCELO\nRENATO LAMOUR &#8211; 2518591<\/p>\n\n\n\n<p>MARIA\nTEREZA CARNEIRO SOARES &#8211; 1169970<\/p>\n\n\n\n<p>MARINES\nDE PAULI THOMAZ &#8211; 1170370<\/p>\n\n\n\n<p>RENATO\nBOCHICCHIO &#8211; 1523505<\/p>\n\n\n\n<p style=\"text-align:right\">Ricardo Marcelo Fonseca<\/p>\n","protected":false},"excerpt":{"rendered":"<p>Designar para compor a comiss\u00e3o especial no acompanhamento do processo de expans\u00e3o do Centro de Estudos do Mar, com o objetivo de agilizar a busca por solu\u00e7\u00f5es de curto, m\u00e9dio e longo prazo, os seguintes integrantes:  <strong>Presidente:<\/strong>  HELTON JOSE ALVES &#8211; 2713423  <strong>Membros:<\/strong>  FERNANDO AUGUSTO SILVEIRA ARMANI &#8211; 1221847  GUILHERME SIPPEL MACHADO &#8211; 1068216  GUSTAVO PACHECO TOMAS &#8211; 3059241  JOS\u00c9 GUILHERME BERSANO FILHO &#8211; 1357905  MAIKON DI DOMENICO &#8211; 2255880  MARCELO RENATO LAMOUR &#8211; 2518591  MARIA TEREZA CARNEIRO SOARES &#8211; 1169970  MARINES DE PAULI THOMAZ &#8211; 1170370<\/p>\n","protected":false},"author":49,"featured_media":0,"comment_status":"closed","ping_status":"closed","sticky":false,"template":"","format":"standard","meta":{"_acf_changed":false,"iawp_total_views":6,"footnotes":""},"categories":[117],"tags":[124],"class_list":["post-50138","post","type-post","status-publish","format-standard","hentry","category-rt","tag-comissao"],"acf":[],"_links":{"self":[{"href":"https:\/\/progepe.ufpr.br\/portarias\/wp-json\/wp\/v2\/posts\/50138","targetHints":{"allow":["GET"]}}],"collection":[{"href":"https:\/\/progepe.ufpr.br\/portarias\/wp-json\/wp\/v2\/posts"}],"about":[{"href":"https:\/\/progepe.ufpr.br\/portarias\/wp-json\/wp\/v2\/types\/post"}],"author":[{"embeddable":true,"href":"https:\/\/progepe.ufpr.br\/portarias\/wp-json\/wp\/v2\/users\/49"}],"replies":[{"embeddable":true,"href":"https:\/\/progepe.ufpr.br\/portarias\/wp-json\/wp\/v2\/comments?post=50138"}],"version-history":[{"count":1,"href":"https:\/\/progepe.ufpr.br\/portarias\/wp-json\/wp\/v2\/posts\/50138\/revisions"}],"predecessor-version":[{"id":195136,"href":"https:\/\/progepe.ufpr.br\/portarias\/wp-json\/wp\/v2\/posts\/50138\/revisions\/195136"}],"wp:attachment":[{"href":"https:\/\/progepe.ufpr.br\/portarias\/wp-json\/wp\/v2\/media?parent=50138"}],"wp:term":[{"taxonomy":"category","embeddable":true,"href":"https:\/\/progepe.ufpr.br\/portarias\/wp-json\/wp\/v2\/categories?post=50138"},{"taxonomy":"post_tag","embeddable":true,"href":"https:\/\/progepe.ufpr.br\/portarias\/wp-json\/wp\/v2\/tags?post=50138"}],"curies":[{"name":"wp","href":"https:\/\/api.w.org\/{rel}","templated":true}]}}