{"id":50325,"date":"2020-07-21T05:01:00","date_gmt":"2020-07-21T08:01:00","guid":{"rendered":"http:\/\/progepe.ufpr.br\/portal\/?post_type=portarias&#038;p=50325"},"modified":"2023-08-03T13:20:02","modified_gmt":"2023-08-03T16:20:02","slug":"rt-2020-01192","status":"publish","type":"post","link":"https:\/\/progepe.ufpr.br\/portarias\/rt-2020-01192\/","title":{"rendered":"PORTARIA N\u00ba 01192\/REITORIA, DE 21 DE JULHO DE 2020"},"content":{"rendered":"\n<p><strong>O Reitor da Universidade Federal do Paran\u00e1, <\/strong>no uso de suas atribui\u00e7\u00f5es considerando o que consta no artigo 9\u00ba, inciso II da Lei n\u00ba 8.112\/90 e tendo em vista o que consta no processo n\u00ba 23075.002232\/2020-86, <\/p>\n\n\n\n<p>RESOLVE: <\/p>\n\n\n\n<p>Alterar a Portaria n\u00ba 396\/REITORIA, de 07 de\nfevereiro de 2020, publicada no Di\u00e1rio Oficial da Uni\u00e3o de&nbsp;12 de fevereiro\nde 2020, se\u00e7\u00e3o 2, p\u00e1g. 38, referente \u00e0&nbsp;designa\u00e7\u00e3o da servidora ANA PAULA\nALBERTI MORATELLI &#8211; 1909434, como substituta eventual da servidora BIANCA\nCAROLLO RAMOS DA SILVA &#8211; 1920959,&nbsp;em Fun\u00e7\u00e3o Gratificada, FG-01, para fazer\nconstar que, a partir de 17 de julho de 2020, a referida fun\u00e7\u00e3o&nbsp;\ngratificada passou a denominar-se Chefe da Unidade de Controle e Execu\u00e7\u00e3o\nOr\u00e7ament\u00e1ria, FG-01, do Setor de Tecnologia.<\/p>\n\n\n\n<p style=\"text-align:right\"><strong>RICARDO MARCELO FONSECA<\/strong><\/p>\n","protected":false},"excerpt":{"rendered":"<p>O Reitor da Universidade Federal do Paran\u00e1, no uso de suas atribui\u00e7\u00f5es considerando o que consta no artigo 9\u00ba, inciso II da Lei n\u00ba 8.112\/90 e tendo em vista o que consta no processo n\u00ba 23075.002232\/2020-86, RESOLVE: Alterar a Portaria n\u00ba 396\/REITORIA, de 07 de fevereiro de 2020, publicada no Di\u00e1rio Oficial da Uni\u00e3o de&nbsp;12 [&hellip;]<\/p>\n","protected":false},"author":50,"featured_media":0,"comment_status":"closed","ping_status":"closed","sticky":false,"template":"","format":"standard","meta":{"_acf_changed":false,"iawp_total_views":0,"footnotes":""},"categories":[117],"tags":[120],"class_list":["post-50325","post","type-post","status-publish","format-standard","hentry","category-rt","tag-funcao"],"acf":[],"_links":{"self":[{"href":"https:\/\/progepe.ufpr.br\/portarias\/wp-json\/wp\/v2\/posts\/50325","targetHints":{"allow":["GET"]}}],"collection":[{"href":"https:\/\/progepe.ufpr.br\/portarias\/wp-json\/wp\/v2\/posts"}],"about":[{"href":"https:\/\/progepe.ufpr.br\/portarias\/wp-json\/wp\/v2\/types\/post"}],"author":[{"embeddable":true,"href":"https:\/\/progepe.ufpr.br\/portarias\/wp-json\/wp\/v2\/users\/50"}],"replies":[{"embeddable":true,"href":"https:\/\/progepe.ufpr.br\/portarias\/wp-json\/wp\/v2\/comments?post=50325"}],"version-history":[{"count":1,"href":"https:\/\/progepe.ufpr.br\/portarias\/wp-json\/wp\/v2\/posts\/50325\/revisions"}],"predecessor-version":[{"id":195163,"href":"https:\/\/progepe.ufpr.br\/portarias\/wp-json\/wp\/v2\/posts\/50325\/revisions\/195163"}],"wp:attachment":[{"href":"https:\/\/progepe.ufpr.br\/portarias\/wp-json\/wp\/v2\/media?parent=50325"}],"wp:term":[{"taxonomy":"category","embeddable":true,"href":"https:\/\/progepe.ufpr.br\/portarias\/wp-json\/wp\/v2\/categories?post=50325"},{"taxonomy":"post_tag","embeddable":true,"href":"https:\/\/progepe.ufpr.br\/portarias\/wp-json\/wp\/v2\/tags?post=50325"}],"curies":[{"name":"wp","href":"https:\/\/api.w.org\/{rel}","templated":true}]}}