{"id":50331,"date":"2020-07-21T05:02:00","date_gmt":"2020-07-21T08:02:00","guid":{"rendered":"http:\/\/progepe.ufpr.br\/portal\/?post_type=portarias&#038;p=50331"},"modified":"2023-08-03T13:20:02","modified_gmt":"2023-08-03T16:20:02","slug":"rt-2020-01193","status":"publish","type":"post","link":"https:\/\/progepe.ufpr.br\/portarias\/rt-2020-01193\/","title":{"rendered":"PORTARIA N\u00ba 01193\/REITORIA, DE 21 DE JULHO DE 2020"},"content":{"rendered":"\n<p><strong>O Reitor da Universidade Federal do Paran\u00e1, <\/strong>no uso de suas atribui\u00e7\u00f5es e tendo em vista o que consta no processo n\u00ba 23075.002090\/2020-57, <\/p>\n\n\n\n<p>RESOLVE: <\/p>\n\n\n\n<p>Designar, a partir da data de publica\u00e7\u00e3o em DOU\ndesta Portaria, a servidora VALQUIRIA AGUIAR&nbsp;&#8211; 3036848, ocupante do cargo\nde Assistente em Administra\u00e7\u00e3o, lotada na &nbsp;Se\u00e7\u00e3o de Apoio aos Programas de\nP\u00f3s-Gradua\u00e7\u00e3o do Setor de Ci\u00eancias Jur\u00eddicas, como substituta eventual da\nservidora VANESSA SAYURI UMEBALA HOSHINA&nbsp;&#8211; 1979407, na fun\u00e7\u00e3o gratificada\nde Chefe da Se\u00e7\u00e3o de Apoio aos Programas de P\u00f3s-Gradua\u00e7\u00e3o, FG-03, do Setor de\nCi\u00eancias Jur\u00eddicas.<\/p>\n\n\n\n<p style=\"text-align:right\"><strong>RICARDO MARCELO FONSECA<\/strong><\/p>\n","protected":false},"excerpt":{"rendered":"<p>O Reitor da Universidade Federal do Paran\u00e1, no uso de suas atribui\u00e7\u00f5es e tendo em vista o que consta no processo n\u00ba 23075.002090\/2020-57, RESOLVE: Designar, a partir da data de publica\u00e7\u00e3o em DOU desta Portaria, a servidora VALQUIRIA AGUIAR&nbsp;&#8211; 3036848, ocupante do cargo de Assistente em Administra\u00e7\u00e3o, lotada na &nbsp;Se\u00e7\u00e3o de Apoio aos Programas de [&hellip;]<\/p>\n","protected":false},"author":50,"featured_media":0,"comment_status":"closed","ping_status":"closed","sticky":false,"template":"","format":"standard","meta":{"_acf_changed":false,"iawp_total_views":1,"footnotes":""},"categories":[117],"tags":[120],"class_list":["post-50331","post","type-post","status-publish","format-standard","hentry","category-rt","tag-funcao"],"acf":[],"_links":{"self":[{"href":"https:\/\/progepe.ufpr.br\/portarias\/wp-json\/wp\/v2\/posts\/50331","targetHints":{"allow":["GET"]}}],"collection":[{"href":"https:\/\/progepe.ufpr.br\/portarias\/wp-json\/wp\/v2\/posts"}],"about":[{"href":"https:\/\/progepe.ufpr.br\/portarias\/wp-json\/wp\/v2\/types\/post"}],"author":[{"embeddable":true,"href":"https:\/\/progepe.ufpr.br\/portarias\/wp-json\/wp\/v2\/users\/50"}],"replies":[{"embeddable":true,"href":"https:\/\/progepe.ufpr.br\/portarias\/wp-json\/wp\/v2\/comments?post=50331"}],"version-history":[{"count":1,"href":"https:\/\/progepe.ufpr.br\/portarias\/wp-json\/wp\/v2\/posts\/50331\/revisions"}],"predecessor-version":[{"id":195165,"href":"https:\/\/progepe.ufpr.br\/portarias\/wp-json\/wp\/v2\/posts\/50331\/revisions\/195165"}],"wp:attachment":[{"href":"https:\/\/progepe.ufpr.br\/portarias\/wp-json\/wp\/v2\/media?parent=50331"}],"wp:term":[{"taxonomy":"category","embeddable":true,"href":"https:\/\/progepe.ufpr.br\/portarias\/wp-json\/wp\/v2\/categories?post=50331"},{"taxonomy":"post_tag","embeddable":true,"href":"https:\/\/progepe.ufpr.br\/portarias\/wp-json\/wp\/v2\/tags?post=50331"}],"curies":[{"name":"wp","href":"https:\/\/api.w.org\/{rel}","templated":true}]}}