{"id":50432,"date":"2020-07-24T10:00:00","date_gmt":"2020-07-24T13:00:00","guid":{"rendered":"http:\/\/progepe.ufpr.br\/portal\/?post_type=portarias&#038;p=50432"},"modified":"2023-08-03T12:57:02","modified_gmt":"2023-08-03T15:57:02","slug":"progepe-2020-02157","status":"publish","type":"post","link":"https:\/\/progepe.ufpr.br\/portarias\/progepe-2020-02157\/","title":{"rendered":"PORTARIA N\u00ba 02157\/PROGEPE, DE 24 DE JULHO DE 2020"},"content":{"rendered":"\n<p><strong>O Pr\u00f3-Reitor de Gest\u00e3o de Pessoas da Universidade Federal do Paran\u00e1,<\/strong> no uso de\nsuas atribui\u00e7\u00f5es, tendo em vista a compet\u00eancia que lhe \u00e9 conferida pela\nPortaria n\u00ba 2.590, de 26 de setembro de 1997; o contido na Resolu\u00e7\u00e3o n\u00ba\n002\/2000-COPLAD; e, o que consta no processo n\u00ba 23075.031575\/2020-58,<\/p>\n\n\n\n<p>RESOLVE:<\/p>\n\n\n\n<p>Designar para compor a comiss\u00e3o respons\u00e1vel pela\nprimeira etapa da avalia\u00e7\u00e3o de desempenho em est\u00e1gio probat\u00f3rio da servidora ALIANE BEZERRA DE LIMA\n&#8211; 3151801, ocupante do cargo de T\u00e9cnica em Enfermagem, lotada na\nUnidade de Sa\u00fade Ocupacional do Servidor da Coordenadoria de Aten\u00e7\u00e3o Integral \u00e0\nSa\u00fade do Servidor\/PROGEPE, os seguintes membros:<\/p>\n\n\n\n<p>DANILLO RAMOS DA SILVA &#8211; 2316789<\/p>\n\n\n\n<p>MAXIMO JOSE DIAS COLARES &#8211;\n1896526<\/p>\n\n\n\n<p>YEDA CRISTINA PASSOS CAFFARO DA\nCRUZ &#8211; 1066448<\/p>\n\n\n\n<p style=\"text-align:right\">Douglas\nOrtiz Hamermuller<\/p>\n","protected":false},"excerpt":{"rendered":"<p>Designar para compor a comiss\u00e3o respons\u00e1vel pela primeira etapa da avalia\u00e7\u00e3o de desempenho em est\u00e1gio probat\u00f3rio da servidora ALIANE BEZERRA DE LIMA &#8211; 3151801, ocupante do cargo de T\u00e9cnica em Enfermagem, lotada na Unidade de Sa\u00fade Ocupacional do Servidor da Coordenadoria de Aten\u00e7\u00e3o Integral \u00e0 Sa\u00fade do Servidor\/PROGEPE, os seguintes membros:  DANILLO RAMOS DA SILVA &#8211; 2316789  MAXIMO JOSE DIAS COLARES &#8211; 1896526  YEDA CRISTINA PASSOS CAFFARO DA CRUZ &#8211; 1066448  <!-- wp:paragraph {\"align\":\"right\"} \n\n<p style=\"text-align:right\">Douglas Ortiz Hamermuller\n<\/p>\n","protected":false},"author":49,"featured_media":0,"comment_status":"closed","ping_status":"closed","sticky":false,"template":"","format":"standard","meta":{"_acf_changed":false,"iawp_total_views":1,"footnotes":""},"categories":[116],"tags":[124],"class_list":["post-50432","post","type-post","status-publish","format-standard","hentry","category-progepe","tag-comissao"],"acf":[],"_links":{"self":[{"href":"https:\/\/progepe.ufpr.br\/portarias\/wp-json\/wp\/v2\/posts\/50432","targetHints":{"allow":["GET"]}}],"collection":[{"href":"https:\/\/progepe.ufpr.br\/portarias\/wp-json\/wp\/v2\/posts"}],"about":[{"href":"https:\/\/progepe.ufpr.br\/portarias\/wp-json\/wp\/v2\/types\/post"}],"author":[{"embeddable":true,"href":"https:\/\/progepe.ufpr.br\/portarias\/wp-json\/wp\/v2\/users\/49"}],"replies":[{"embeddable":true,"href":"https:\/\/progepe.ufpr.br\/portarias\/wp-json\/wp\/v2\/comments?post=50432"}],"version-history":[{"count":1,"href":"https:\/\/progepe.ufpr.br\/portarias\/wp-json\/wp\/v2\/posts\/50432\/revisions"}],"predecessor-version":[{"id":195178,"href":"https:\/\/progepe.ufpr.br\/portarias\/wp-json\/wp\/v2\/posts\/50432\/revisions\/195178"}],"wp:attachment":[{"href":"https:\/\/progepe.ufpr.br\/portarias\/wp-json\/wp\/v2\/media?parent=50432"}],"wp:term":[{"taxonomy":"category","embeddable":true,"href":"https:\/\/progepe.ufpr.br\/portarias\/wp-json\/wp\/v2\/categories?post=50432"},{"taxonomy":"post_tag","embeddable":true,"href":"https:\/\/progepe.ufpr.br\/portarias\/wp-json\/wp\/v2\/tags?post=50432"}],"curies":[{"name":"wp","href":"https:\/\/api.w.org\/{rel}","templated":true}]}}