{"id":50434,"date":"2020-07-21T05:05:00","date_gmt":"2020-07-21T08:05:00","guid":{"rendered":"http:\/\/progepe.ufpr.br\/portal\/?post_type=portarias&#038;p=50434"},"modified":"2024-09-17T10:48:30","modified_gmt":"2024-09-17T13:48:30","slug":"rt-2020-01196","status":"publish","type":"post","link":"https:\/\/progepe.ufpr.br\/portarias\/rt-2020-01196\/","title":{"rendered":"PORTARIA N\u00ba 01196\/REITORIA, DE 21 DE JULHO DE 2020"},"content":{"rendered":"\n<p style=\"padding-left:43%\">O Reitor da Universidade Federal do Paran\u00e1, no uso de suas atribui\u00e7\u00f5es, tendo em vista o que consta no processo n\u00ba 23075.015941\/2020-21,<\/p>\n\n\n\n<p style=\"padding-left:43%\"><strong>RESOLVE:<\/strong><\/p>\n\n\n\n<p>I. Designar, a partir da data de publica\u00e7\u00e3o em DOU desta Portaria at\u00e9 a nomea\u00e7\u00e3o dos novos eleitos,\u00a0o servidor PAULO ROBERTO DE OLIVEIRA REIS\u00a0&#8211; 1287683, ocupante do cargo de Professor, no regime de trabalho de dedica\u00e7\u00e3o exclusiva, para exercer, na qualidade de decano, de acordo com o Art. 3\u00ba, Par\u00e1grafo \u00danico da Resolu\u00e7\u00e3o n\u00ba 04\/95 &#8211; COUN, a fun\u00e7\u00e3o gratificada\u00a0de Chefe do Departamento de Artes, FG-01, do Setor de Artes, Comunica\u00e7\u00e3o e Design.<\/p>\n\n\n\n<p>II. O mencionado docente cumprir\u00e1, obrigatoriamente, o regime de trabalho de tempo integral, de acordo com o disposto no \u00a7 5\u00ba, artigo 1\u00ba da Lei n\u00ba 8.168\/91.<\/p>\n\n\n\n<p>III. Convalidar, no per\u00edodo de 20 de abril de 2020 at\u00e9 a data de publica\u00e7\u00e3o em DOU desta Portaria, o exerc\u00edcio da fun\u00e7\u00e3o de Chefe do Departamento de Artes do Setor de Artes, Comunica\u00e7\u00e3o e Design, sem efeitos financeiros, pelo\u00a0referido servidor, por ter exercido o cargo no per\u00edodo informado.<\/p>\n","protected":false},"excerpt":{"rendered":"<p>I. Designar, a partir da data de publica\u00e7\u00e3o em DOU desta Portaria at\u00e9 a nomea\u00e7\u00e3o dos novos eleitos,\u00a0o servidor PAULO ROBERTO DE OLIVEIRA REIS\u00a0&#8211; 1287683, ocupante do cargo de Professor, no regime de trabalho de dedica\u00e7\u00e3o exclusiva, para exercer, na qualidade de decano, de acordo com o Art. 3\u00ba, Par\u00e1grafo \u00danico da Resolu\u00e7\u00e3o n\u00ba 04\/95 &#8211; COUN, a fun\u00e7\u00e3o gratificada\u00a0de Chefe do Departamento de Artes, FG-01, do Setor de Artes, Comunica\u00e7\u00e3o e Design.  II. O mencionado docente cumprir\u00e1, obrigatoriamente, o regime de trabalho de tempo integral, de acordo com o disposto no \u00a7 5\u00ba, artigo 1\u00ba da<\/p>\n","protected":false},"author":50,"featured_media":0,"comment_status":"closed","ping_status":"closed","sticky":false,"template":"","format":"standard","meta":{"_acf_changed":false,"iawp_total_views":0,"footnotes":""},"categories":[117],"tags":[244],"class_list":["post-50434","post","type-post","status-publish","format-standard","hentry","category-rt","tag-chefe-suplente"],"acf":[],"_links":{"self":[{"href":"https:\/\/progepe.ufpr.br\/portarias\/wp-json\/wp\/v2\/posts\/50434","targetHints":{"allow":["GET"]}}],"collection":[{"href":"https:\/\/progepe.ufpr.br\/portarias\/wp-json\/wp\/v2\/posts"}],"about":[{"href":"https:\/\/progepe.ufpr.br\/portarias\/wp-json\/wp\/v2\/types\/post"}],"author":[{"embeddable":true,"href":"https:\/\/progepe.ufpr.br\/portarias\/wp-json\/wp\/v2\/users\/50"}],"replies":[{"embeddable":true,"href":"https:\/\/progepe.ufpr.br\/portarias\/wp-json\/wp\/v2\/comments?post=50434"}],"version-history":[{"count":2,"href":"https:\/\/progepe.ufpr.br\/portarias\/wp-json\/wp\/v2\/posts\/50434\/revisions"}],"predecessor-version":[{"id":257304,"href":"https:\/\/progepe.ufpr.br\/portarias\/wp-json\/wp\/v2\/posts\/50434\/revisions\/257304"}],"wp:attachment":[{"href":"https:\/\/progepe.ufpr.br\/portarias\/wp-json\/wp\/v2\/media?parent=50434"}],"wp:term":[{"taxonomy":"category","embeddable":true,"href":"https:\/\/progepe.ufpr.br\/portarias\/wp-json\/wp\/v2\/categories?post=50434"},{"taxonomy":"post_tag","embeddable":true,"href":"https:\/\/progepe.ufpr.br\/portarias\/wp-json\/wp\/v2\/tags?post=50434"}],"curies":[{"name":"wp","href":"https:\/\/api.w.org\/{rel}","templated":true}]}}