{"id":50439,"date":"2020-07-24T10:01:00","date_gmt":"2020-07-24T13:01:00","guid":{"rendered":"http:\/\/progepe.ufpr.br\/portal\/?post_type=portarias&#038;p=50439"},"modified":"2023-08-03T12:57:02","modified_gmt":"2023-08-03T15:57:02","slug":"progepe-2020-02158","status":"publish","type":"post","link":"https:\/\/progepe.ufpr.br\/portarias\/progepe-2020-02158\/","title":{"rendered":"PORTARIA N\u00ba 02158\/PROGEPE, DE 24 DE JULHO DE 2020"},"content":{"rendered":"\n<p><strong>O Pr\u00f3-Reitor de Gest\u00e3o de Pessoas da Universidade Federal do Paran\u00e1<\/strong><strong>,<\/strong> no uso de suas atribui\u00e7\u00f5es, tendo em vista a\ncompet\u00eancia que lhe \u00e9 conferida pela Portaria n\u00ba 2.590, de 26 de setembro de\n1997 e considerando o que consta no processo n\u00ba 23075.049201\/2012-89,<\/p>\n\n\n\n<p>RESOLVE:<\/p>\n\n\n\n<p>Em\ncumprimento ao Ac\u00f3rd\u00e3o n\u00ba 7.093 &#8211; TCU &#8211; 1\u00aa C\u00e2mara, alterar a Portaria n\u00ba\n1.499\/PROGEPE, de 25 de abril de 2013, publicada no DOU de 02.05.2013, Se\u00e7\u00e3o 2,\np\u00e1g. 38, para fazer constar que, a partir de 01 de agosto de 2020, a\naposentadoria do servidor ELOIR\nRODRIGUES &#8211; 1161379, passa a ser com o vencimento do mencionado cargo \u00e0 raz\u00e3o\nde 33\/35 (trinta e tr\u00eas trinta e cinco avos).<\/p>\n\n\n\n<p style=\"text-align:right\">Douglas\nOrtiz Hamermuller<\/p>\n","protected":false},"excerpt":{"rendered":"<p>Em cumprimento ao Ac\u00f3rd\u00e3o n\u00ba 7.093 &#8211; TCU &#8211; 1\u00aa C\u00e2mara, alterar a Portaria n\u00ba 1.499\/PROGEPE, de 25 de abril de 2013, publicada no DOU de 02.05.2013, Se\u00e7\u00e3o 2, p\u00e1g. 38, para fazer constar que, a partir de 01 de agosto de 2020, a aposentadoria do servidor ELOIR RODRIGUES &#8211; 1161379, passa a ser com o vencimento do mencionado cargo \u00e0 raz\u00e3o de 33\/35 (trinta e tr\u00eas trinta e cinco avos).  <!-- wp:paragraph {\"align\":\"right\"} \n\n<p style=\"text-align:right\">Douglas Ortiz Hamermuller\n<\/p>\n","protected":false},"author":49,"featured_media":0,"comment_status":"closed","ping_status":"closed","sticky":false,"template":"","format":"standard","meta":{"_acf_changed":false,"iawp_total_views":0,"footnotes":""},"categories":[116],"tags":[125],"class_list":["post-50439","post","type-post","status-publish","format-standard","hentry","category-progepe","tag-aposentadoria"],"acf":[],"_links":{"self":[{"href":"https:\/\/progepe.ufpr.br\/portarias\/wp-json\/wp\/v2\/posts\/50439","targetHints":{"allow":["GET"]}}],"collection":[{"href":"https:\/\/progepe.ufpr.br\/portarias\/wp-json\/wp\/v2\/posts"}],"about":[{"href":"https:\/\/progepe.ufpr.br\/portarias\/wp-json\/wp\/v2\/types\/post"}],"author":[{"embeddable":true,"href":"https:\/\/progepe.ufpr.br\/portarias\/wp-json\/wp\/v2\/users\/49"}],"replies":[{"embeddable":true,"href":"https:\/\/progepe.ufpr.br\/portarias\/wp-json\/wp\/v2\/comments?post=50439"}],"version-history":[{"count":1,"href":"https:\/\/progepe.ufpr.br\/portarias\/wp-json\/wp\/v2\/posts\/50439\/revisions"}],"predecessor-version":[{"id":195180,"href":"https:\/\/progepe.ufpr.br\/portarias\/wp-json\/wp\/v2\/posts\/50439\/revisions\/195180"}],"wp:attachment":[{"href":"https:\/\/progepe.ufpr.br\/portarias\/wp-json\/wp\/v2\/media?parent=50439"}],"wp:term":[{"taxonomy":"category","embeddable":true,"href":"https:\/\/progepe.ufpr.br\/portarias\/wp-json\/wp\/v2\/categories?post=50439"},{"taxonomy":"post_tag","embeddable":true,"href":"https:\/\/progepe.ufpr.br\/portarias\/wp-json\/wp\/v2\/tags?post=50439"}],"curies":[{"name":"wp","href":"https:\/\/api.w.org\/{rel}","templated":true}]}}