{"id":50476,"date":"2020-07-23T05:03:00","date_gmt":"2020-07-23T08:03:00","guid":{"rendered":"http:\/\/progepe.ufpr.br\/portal\/?post_type=portarias&#038;p=50476"},"modified":"2023-08-03T13:20:03","modified_gmt":"2023-08-03T16:20:03","slug":"rt-2020-01204","status":"publish","type":"post","link":"https:\/\/progepe.ufpr.br\/portarias\/rt-2020-01204\/","title":{"rendered":"PORTARIA N\u00ba 01204\/REITORIA, DE 23 DE JULHO DE 2020"},"content":{"rendered":"\n<p><strong>O\nReitor da Universidade Federal do Paran\u00e1, <\/strong>no uso de suas atribui\u00e7\u00f5es e tendo em\nvista o que consta no processo n\u00ba 23075.027830\/2020-68,<\/p>\n\n\n\n<p>RESOLVE:<\/p>\n\n\n\n<p>I.\nConceder, considerando o disposto no Art. 91 da Lei n\u00ba 8.112\/90; e, Art. 2\u00ba da\nPortaria n\u00ba 35\/MP, de 01 de mar\u00e7o de 2016, licen\u00e7a para tratar de interesses\nparticulares, sem remunera\u00e7\u00e3o, no per\u00edodo de 01 de agosto de 2020 a 31 de julho\nde 2021, ao servidor JORGE\nEDUARDO SCARPIN &#8211; 1971915, ocupante do cargo de Professor do Magist\u00e9rio\nSuperior, lotado no Departamento de Ci\u00eancias Cont\u00e1beis do Setor de Ci\u00eancias\nSociais Aplicadas.<\/p>\n\n\n\n<p>II. Alterar, pelo mesmo per\u00edodo da licen\u00e7a, o regime de trabalho do\ncitado servidor, de 40 (quarenta) horas semanais com dedica\u00e7\u00e3o exclusiva, para\n40 (quarenta) horas semanais.<\/p>\n\n\n\n<p class=\"has-text-align-right\"><\/p>\n","protected":false},"excerpt":{"rendered":"<p>I. Conceder, considerando o disposto no Art. 91 da Lei n\u00ba 8.112\/90; e, Art. 2\u00ba da Portaria n\u00ba 35\/MP, de 01 de mar\u00e7o de 2016, licen\u00e7a para tratar de interesses particulares, sem remunera\u00e7\u00e3o, no per\u00edodo de 01 de agosto de 2020 a 31 de julho de 2021, ao servidor JORGE EDUARDO SCARPIN &#8211; 1971915, ocupante do cargo de Professor do Magist\u00e9rio Superior, lotado no Departamento de Ci\u00eancias Cont\u00e1beis do Setor de Ci\u00eancias Sociais Aplicadas.  II. Alterar, pelo mesmo per\u00edodo da licen\u00e7a, o regime de trabalho do citado servidor, de 40 (quarenta) horas semanais com dedica\u00e7\u00e3o exclusiva, para<\/p>\n","protected":false},"author":49,"featured_media":0,"comment_status":"closed","ping_status":"open","sticky":false,"template":"","format":"standard","meta":{"_acf_changed":false,"iawp_total_views":0,"footnotes":""},"categories":[117],"tags":[123],"class_list":["post-50476","post","type-post","status-publish","format-standard","hentry","category-rt","tag-afastamento-licenca"],"acf":[],"_links":{"self":[{"href":"https:\/\/progepe.ufpr.br\/portarias\/wp-json\/wp\/v2\/posts\/50476","targetHints":{"allow":["GET"]}}],"collection":[{"href":"https:\/\/progepe.ufpr.br\/portarias\/wp-json\/wp\/v2\/posts"}],"about":[{"href":"https:\/\/progepe.ufpr.br\/portarias\/wp-json\/wp\/v2\/types\/post"}],"author":[{"embeddable":true,"href":"https:\/\/progepe.ufpr.br\/portarias\/wp-json\/wp\/v2\/users\/49"}],"replies":[{"embeddable":true,"href":"https:\/\/progepe.ufpr.br\/portarias\/wp-json\/wp\/v2\/comments?post=50476"}],"version-history":[{"count":3,"href":"https:\/\/progepe.ufpr.br\/portarias\/wp-json\/wp\/v2\/posts\/50476\/revisions"}],"predecessor-version":[{"id":124957,"href":"https:\/\/progepe.ufpr.br\/portarias\/wp-json\/wp\/v2\/posts\/50476\/revisions\/124957"}],"wp:attachment":[{"href":"https:\/\/progepe.ufpr.br\/portarias\/wp-json\/wp\/v2\/media?parent=50476"}],"wp:term":[{"taxonomy":"category","embeddable":true,"href":"https:\/\/progepe.ufpr.br\/portarias\/wp-json\/wp\/v2\/categories?post=50476"},{"taxonomy":"post_tag","embeddable":true,"href":"https:\/\/progepe.ufpr.br\/portarias\/wp-json\/wp\/v2\/tags?post=50476"}],"curies":[{"name":"wp","href":"https:\/\/api.w.org\/{rel}","templated":true}]}}