{"id":50554,"date":"2020-07-29T10:04:00","date_gmt":"2020-07-29T13:04:00","guid":{"rendered":"http:\/\/progepe.ufpr.br\/portal\/?post_type=portarias&#038;p=50554"},"modified":"2024-07-04T15:12:31","modified_gmt":"2024-07-04T18:12:31","slug":"progepe-2020-02171","status":"publish","type":"post","link":"https:\/\/progepe.ufpr.br\/portarias\/progepe-2020-02171\/","title":{"rendered":"PORTARIA N\u00ba 02171\/PROGEPE, DE 29 DE JULHO DE 2020"},"content":{"rendered":"\n<p style=\"padding-left:43%\">O Pr\u00f3-Reitor de Gest\u00e3o de Pessoas da Universidade Federal do Paran\u00e1, no uso de suas atribui\u00e7\u00f5es, tendo em vista a compet\u00eancia que lhe \u00e9 conferida pela Portaria n\u00ba 2.590, de 26 de setembro de 1997, tendo em vista o que consta no Art. 84 da Lei n\u00ba 8.112\/1990 e o que consta no processo n\u00ba 23075.039954\/2020-96,<\/p>\n\n\n\n<p style=\"padding-left:43%\"><strong>RESOLVE:<\/strong><\/p>\n\n\n\n<p>I. Conceder, tendo em vista o Mandado de Seguran\u00e7a n\u00ba 5033684-27.2020.4.04.7000\/PR, licen\u00e7a por motivo de acompanhamento de c\u00f4njuge, sem remunera\u00e7\u00e3o, a partir de 01 de novembro de 2020, ao servidor DANIEL LASKOWSKI TOZZINI &#8211; 1963873, ocupante do cargo de Administrador, lotado no Departamento de Filosofia do Setor de Ci\u00eancias Humanas.<\/p>\n\n\n\n<p>II. O mencionado servidor ficar\u00e1 em lota\u00e7\u00e3o tempor\u00e1ria na Coordena\u00e7\u00e3o de Planejamento de Pessoal da Pr\u00f3-Reitoria de Gest\u00e3o de Pessoas, a partir da data de concess\u00e3o da sua licen\u00e7a.<\/p>\n","protected":false},"excerpt":{"rendered":"<p>I. Conceder, tendo em vista o Mandado de Seguran\u00e7a n\u00ba 5033684-27.2020.4.04.7000\/PR, licen\u00e7a por motivo de acompanhamento de c\u00f4njuge, sem remunera\u00e7\u00e3o, a partir de 01 de novembro de 2020, ao servidor DANIEL LASKOWSKI TOZZINI &#8211; 1963873, ocupante do cargo de Administrador, lotado no Departamento de Filosofia do Setor de Ci\u00eancias Humanas.  II. O mencionado servidor ficar\u00e1 em lota\u00e7\u00e3o tempor\u00e1ria na Coordena\u00e7\u00e3o de Planejamento de Pessoal da Pr\u00f3-Reitoria de Gest\u00e3o de Pessoas, a partir da data de concess\u00e3o da sua licen\u00e7a.<\/p>\n","protected":false},"author":49,"featured_media":0,"comment_status":"closed","ping_status":"closed","sticky":false,"template":"","format":"standard","meta":{"_acf_changed":false,"iawp_total_views":0,"footnotes":""},"categories":[116],"tags":[123],"class_list":["post-50554","post","type-post","status-publish","format-standard","hentry","category-progepe","tag-afastamento-licenca"],"acf":[],"_links":{"self":[{"href":"https:\/\/progepe.ufpr.br\/portarias\/wp-json\/wp\/v2\/posts\/50554","targetHints":{"allow":["GET"]}}],"collection":[{"href":"https:\/\/progepe.ufpr.br\/portarias\/wp-json\/wp\/v2\/posts"}],"about":[{"href":"https:\/\/progepe.ufpr.br\/portarias\/wp-json\/wp\/v2\/types\/post"}],"author":[{"embeddable":true,"href":"https:\/\/progepe.ufpr.br\/portarias\/wp-json\/wp\/v2\/users\/49"}],"replies":[{"embeddable":true,"href":"https:\/\/progepe.ufpr.br\/portarias\/wp-json\/wp\/v2\/comments?post=50554"}],"version-history":[{"count":2,"href":"https:\/\/progepe.ufpr.br\/portarias\/wp-json\/wp\/v2\/posts\/50554\/revisions"}],"predecessor-version":[{"id":256451,"href":"https:\/\/progepe.ufpr.br\/portarias\/wp-json\/wp\/v2\/posts\/50554\/revisions\/256451"}],"wp:attachment":[{"href":"https:\/\/progepe.ufpr.br\/portarias\/wp-json\/wp\/v2\/media?parent=50554"}],"wp:term":[{"taxonomy":"category","embeddable":true,"href":"https:\/\/progepe.ufpr.br\/portarias\/wp-json\/wp\/v2\/categories?post=50554"},{"taxonomy":"post_tag","embeddable":true,"href":"https:\/\/progepe.ufpr.br\/portarias\/wp-json\/wp\/v2\/tags?post=50554"}],"curies":[{"name":"wp","href":"https:\/\/api.w.org\/{rel}","templated":true}]}}