{"id":50574,"date":"2020-07-28T05:00:00","date_gmt":"2020-07-28T08:00:00","guid":{"rendered":"http:\/\/progepe.ufpr.br\/portal\/?post_type=portarias&#038;p=50574"},"modified":"2023-08-03T13:20:05","modified_gmt":"2023-08-03T16:20:05","slug":"rt-2020-01215","status":"publish","type":"post","link":"https:\/\/progepe.ufpr.br\/portarias\/rt-2020-01215\/","title":{"rendered":"PORTARIA N\u00ba 01215\/REITORIA, DE 28 DE JULHO DE 2020"},"content":{"rendered":"\n<p><strong>O Reitor da Universidade Federal do Paran\u00e1, <\/strong>no uso de suas atribui\u00e7\u00f5es E considerando o que consta no processo n\u00ba 23075.035451\/2020-41, <\/p>\n\n\n\n<p>RESOLVE: <\/p>\n\n\n\n<p>Exonerar, a pedido, a partir de 31 de julho de\n2020, o servidor PAULO HENRIQUE PEREIRA&nbsp;&#8211; 1053281, da fun\u00e7\u00e3o gratificada\nde Chefe da Se\u00e7\u00e3o de Contratos, FG-03, da Coordenadoria Administrativa da\nSuperintend\u00eancia de Infraestrutura.<\/p>\n\n\n\n<p style=\"text-align:right\"><strong>RICARDO MARCELO FONSECA<\/strong><\/p>\n","protected":false},"excerpt":{"rendered":"<p>O Reitor da Universidade Federal do Paran\u00e1, no uso de suas atribui\u00e7\u00f5es E considerando o que consta no processo n\u00ba 23075.035451\/2020-41, RESOLVE: Exonerar, a pedido, a partir de 31 de julho de 2020, o servidor PAULO HENRIQUE PEREIRA&nbsp;&#8211; 1053281, da fun\u00e7\u00e3o gratificada de Chefe da Se\u00e7\u00e3o de Contratos, FG-03, da Coordenadoria Administrativa da Superintend\u00eancia de [&hellip;]<\/p>\n","protected":false},"author":50,"featured_media":0,"comment_status":"closed","ping_status":"closed","sticky":false,"template":"","format":"standard","meta":{"_acf_changed":false,"iawp_total_views":0,"footnotes":""},"categories":[117],"tags":[120],"class_list":["post-50574","post","type-post","status-publish","format-standard","hentry","category-rt","tag-funcao"],"acf":[],"_links":{"self":[{"href":"https:\/\/progepe.ufpr.br\/portarias\/wp-json\/wp\/v2\/posts\/50574","targetHints":{"allow":["GET"]}}],"collection":[{"href":"https:\/\/progepe.ufpr.br\/portarias\/wp-json\/wp\/v2\/posts"}],"about":[{"href":"https:\/\/progepe.ufpr.br\/portarias\/wp-json\/wp\/v2\/types\/post"}],"author":[{"embeddable":true,"href":"https:\/\/progepe.ufpr.br\/portarias\/wp-json\/wp\/v2\/users\/50"}],"replies":[{"embeddable":true,"href":"https:\/\/progepe.ufpr.br\/portarias\/wp-json\/wp\/v2\/comments?post=50574"}],"version-history":[{"count":1,"href":"https:\/\/progepe.ufpr.br\/portarias\/wp-json\/wp\/v2\/posts\/50574\/revisions"}],"predecessor-version":[{"id":195206,"href":"https:\/\/progepe.ufpr.br\/portarias\/wp-json\/wp\/v2\/posts\/50574\/revisions\/195206"}],"wp:attachment":[{"href":"https:\/\/progepe.ufpr.br\/portarias\/wp-json\/wp\/v2\/media?parent=50574"}],"wp:term":[{"taxonomy":"category","embeddable":true,"href":"https:\/\/progepe.ufpr.br\/portarias\/wp-json\/wp\/v2\/categories?post=50574"},{"taxonomy":"post_tag","embeddable":true,"href":"https:\/\/progepe.ufpr.br\/portarias\/wp-json\/wp\/v2\/tags?post=50574"}],"curies":[{"name":"wp","href":"https:\/\/api.w.org\/{rel}","templated":true}]}}