{"id":50592,"date":"2020-07-29T05:00:00","date_gmt":"2020-07-29T08:00:00","guid":{"rendered":"http:\/\/progepe.ufpr.br\/portal\/?post_type=portarias&#038;p=50592"},"modified":"2023-08-03T13:20:05","modified_gmt":"2023-08-03T16:20:05","slug":"rt-2020-01217","status":"publish","type":"post","link":"https:\/\/progepe.ufpr.br\/portarias\/rt-2020-01217\/","title":{"rendered":"PORTARIA N\u00ba 01217\/REITORIA, DE 29 DE JULHO DE 2020"},"content":{"rendered":"\n<p><strong>O Reitor da Universidade Federal do Paran\u00e1, <\/strong>no uso de suas atribui\u00e7\u00f5es e tendo em vista o que consta no processo n\u00ba 23075.003820\/2020-37, <\/p>\n\n\n\n<p>RESOLVE: <\/p>\n\n\n\n<p>Designar, a partir da data de publica\u00e7\u00e3o em DOU desta Portaria, o servidor DANIEL GOMES DE LIMA &#8211; 3077487, ocupante do cargo de Assistente em Administra\u00e7\u00e3o, lotado na Se\u00e7\u00e3o de Manuten\u00e7\u00e3o e Apoio Operacional do Setor Palotina, como substituto eventual do servidor JULIANO JOS\u00c9 MAITO &#8211; 2082294, na fun\u00e7\u00e3o gratificada de Chefe da Se\u00e7\u00e3o de Manuten\u00e7\u00e3o e Apoio Operacional, FG-03, do Setor Palotina.&nbsp;&nbsp;&nbsp;&nbsp;&nbsp; <\/p>\n\n\n\n<p style=\"text-align:right\"><strong>RICARDO MARCELO FONSECA<\/strong><\/p>\n","protected":false},"excerpt":{"rendered":"<p>O Reitor da Universidade Federal do Paran\u00e1, no uso de suas atribui\u00e7\u00f5es e tendo em vista o que consta no processo n\u00ba 23075.003820\/2020-37, RESOLVE: Designar, a partir da data de publica\u00e7\u00e3o em DOU desta Portaria, o servidor DANIEL GOMES DE LIMA &#8211; 3077487, ocupante do cargo de Assistente em Administra\u00e7\u00e3o, lotado na Se\u00e7\u00e3o de Manuten\u00e7\u00e3o [&hellip;]<\/p>\n","protected":false},"author":50,"featured_media":0,"comment_status":"closed","ping_status":"closed","sticky":false,"template":"","format":"standard","meta":{"_acf_changed":false,"iawp_total_views":0,"footnotes":""},"categories":[117],"tags":[120],"class_list":["post-50592","post","type-post","status-publish","format-standard","hentry","category-rt","tag-funcao"],"acf":[],"_links":{"self":[{"href":"https:\/\/progepe.ufpr.br\/portarias\/wp-json\/wp\/v2\/posts\/50592","targetHints":{"allow":["GET"]}}],"collection":[{"href":"https:\/\/progepe.ufpr.br\/portarias\/wp-json\/wp\/v2\/posts"}],"about":[{"href":"https:\/\/progepe.ufpr.br\/portarias\/wp-json\/wp\/v2\/types\/post"}],"author":[{"embeddable":true,"href":"https:\/\/progepe.ufpr.br\/portarias\/wp-json\/wp\/v2\/users\/50"}],"replies":[{"embeddable":true,"href":"https:\/\/progepe.ufpr.br\/portarias\/wp-json\/wp\/v2\/comments?post=50592"}],"version-history":[{"count":1,"href":"https:\/\/progepe.ufpr.br\/portarias\/wp-json\/wp\/v2\/posts\/50592\/revisions"}],"predecessor-version":[{"id":195210,"href":"https:\/\/progepe.ufpr.br\/portarias\/wp-json\/wp\/v2\/posts\/50592\/revisions\/195210"}],"wp:attachment":[{"href":"https:\/\/progepe.ufpr.br\/portarias\/wp-json\/wp\/v2\/media?parent=50592"}],"wp:term":[{"taxonomy":"category","embeddable":true,"href":"https:\/\/progepe.ufpr.br\/portarias\/wp-json\/wp\/v2\/categories?post=50592"},{"taxonomy":"post_tag","embeddable":true,"href":"https:\/\/progepe.ufpr.br\/portarias\/wp-json\/wp\/v2\/tags?post=50592"}],"curies":[{"name":"wp","href":"https:\/\/api.w.org\/{rel}","templated":true}]}}