{"id":50595,"date":"2020-07-29T05:02:00","date_gmt":"2020-07-29T08:02:00","guid":{"rendered":"http:\/\/progepe.ufpr.br\/portal\/?post_type=portarias&#038;p=50595"},"modified":"2023-08-03T13:20:05","modified_gmt":"2023-08-03T16:20:05","slug":"rt-2020-01219","status":"publish","type":"post","link":"https:\/\/progepe.ufpr.br\/portarias\/rt-2020-01219\/","title":{"rendered":"PORTARIA N\u00ba 01219\/REITORIA, DE 29 DE JULHO DE 2020"},"content":{"rendered":"\n<p><strong>O Reitor da Universidade Federal do Paran\u00e1, <\/strong>no uso de suas atribui\u00e7\u00f5es considerando o que consta no artigo 9\u00ba, inciso II da Lei n\u00ba 8.112\/90 e tendo em vista o que consta no processo n\u00ba 23075.043705\/2019-61, <\/p>\n\n\n\n<p>RESOLVE: <\/p>\n\n\n\n<p>I.&nbsp;Nomear, a partir da data de publica\u00e7\u00e3o em\nDOU desta Portaria, a servidora SILVIA ROCIO DA SILVA&nbsp;&#8211; 1246890, ocupante\ndo cargo de Enfermeira &#8211; \u00c1rea, lotada&nbsp;&nbsp;na Se\u00e7\u00e3o de Promo\u00e7\u00e3o \u00e0 Sa\u00fade\ndo Servidor da Coordenadoria de Aten\u00e7\u00e3o Integral \u00e0 Sa\u00fade do Servidor da\nPr\u00f3-Reitoria de Gest\u00e3o de Pessoas, no regime de trabalho de 40 (quarenta) horas\nsemanais, para exercer a fun\u00e7\u00e3o gratificada de Chefe&nbsp;da Se\u00e7\u00e3o de Promo\u00e7\u00e3o\n\u00e0 Sa\u00fade do Servidor, FG-03, da Coordenadoria de Aten\u00e7\u00e3o Integral \u00e0 Sa\u00fade do\nServidor da Pr\u00f3-Reitoria de Gest\u00e3o de Pessoas,&nbsp;&nbsp;autorizada pela\nMedida Provis\u00f3ria n\u00ba 1.534\/96, regulamentada pela Portaria Interministerial n\u00ba\n1.407\/96-MEC\/MARE.<\/p>\n\n\n\n<p>II. A mencionada servidora cumprir\u00e1,\nobrigatoriamente, o regime de trabalho de tempo integral, de acordo com o\ndisposto no \u00a7 5\u00ba, artigo 1\u00ba da Lei n\u00ba 8.168\/91.<\/p>\n\n\n\n<p style=\"text-align:right\"><strong>RICARDO MARCELO FONSECA<\/strong><\/p>\n","protected":false},"excerpt":{"rendered":"<p>O Reitor da Universidade Federal do Paran\u00e1, no uso de suas atribui\u00e7\u00f5es considerando o que consta no artigo 9\u00ba, inciso II da Lei n\u00ba 8.112\/90 e tendo em vista o que consta no processo n\u00ba 23075.043705\/2019-61, RESOLVE: I.&nbsp;Nomear, a partir da data de publica\u00e7\u00e3o em DOU desta Portaria, a servidora SILVIA ROCIO DA SILVA&nbsp;&#8211; 1246890, [&hellip;]<\/p>\n","protected":false},"author":50,"featured_media":0,"comment_status":"closed","ping_status":"closed","sticky":false,"template":"","format":"standard","meta":{"_acf_changed":false,"iawp_total_views":0,"footnotes":""},"categories":[117],"tags":[120],"class_list":["post-50595","post","type-post","status-publish","format-standard","hentry","category-rt","tag-funcao"],"acf":[],"_links":{"self":[{"href":"https:\/\/progepe.ufpr.br\/portarias\/wp-json\/wp\/v2\/posts\/50595","targetHints":{"allow":["GET"]}}],"collection":[{"href":"https:\/\/progepe.ufpr.br\/portarias\/wp-json\/wp\/v2\/posts"}],"about":[{"href":"https:\/\/progepe.ufpr.br\/portarias\/wp-json\/wp\/v2\/types\/post"}],"author":[{"embeddable":true,"href":"https:\/\/progepe.ufpr.br\/portarias\/wp-json\/wp\/v2\/users\/50"}],"replies":[{"embeddable":true,"href":"https:\/\/progepe.ufpr.br\/portarias\/wp-json\/wp\/v2\/comments?post=50595"}],"version-history":[{"count":1,"href":"https:\/\/progepe.ufpr.br\/portarias\/wp-json\/wp\/v2\/posts\/50595\/revisions"}],"predecessor-version":[{"id":195211,"href":"https:\/\/progepe.ufpr.br\/portarias\/wp-json\/wp\/v2\/posts\/50595\/revisions\/195211"}],"wp:attachment":[{"href":"https:\/\/progepe.ufpr.br\/portarias\/wp-json\/wp\/v2\/media?parent=50595"}],"wp:term":[{"taxonomy":"category","embeddable":true,"href":"https:\/\/progepe.ufpr.br\/portarias\/wp-json\/wp\/v2\/categories?post=50595"},{"taxonomy":"post_tag","embeddable":true,"href":"https:\/\/progepe.ufpr.br\/portarias\/wp-json\/wp\/v2\/tags?post=50595"}],"curies":[{"name":"wp","href":"https:\/\/api.w.org\/{rel}","templated":true}]}}