{"id":50600,"date":"2020-07-29T05:03:00","date_gmt":"2020-07-29T08:03:00","guid":{"rendered":"http:\/\/progepe.ufpr.br\/portal\/?post_type=portarias&#038;p=50600"},"modified":"2023-08-03T13:20:05","modified_gmt":"2023-08-03T16:20:05","slug":"rt-2020-01220","status":"publish","type":"post","link":"https:\/\/progepe.ufpr.br\/portarias\/rt-2020-01220\/","title":{"rendered":"PORTARIA N\u00ba 01220\/REITORIA, DE 29 DE JULHO DE 2020"},"content":{"rendered":"\n<p><strong>O Reitor da Universidade Federal do Paran\u00e1, <\/strong>no uso de suas atribui\u00e7\u00f5es e considerando&nbsp; o que consta no processo n\u00ba 23075.003872\/2020-11, <\/p>\n\n\n\n<p>RESOLVE: <\/p>\n\n\n\n<p>Alterar&nbsp;a Portaria n\u00ba 1007\/REITORIA, de 20 de\nmaio de 2020, publicada no Di\u00e1rio Oficial da Uni\u00e3o de&nbsp;26 de maio de 2020,\nse\u00e7\u00e3o 2, p\u00e1g. 22, referente \u00e0 designa\u00e7\u00e3o do servidor WILLIAM DA SILVA QUEIROZ &#8211;\n2396365, como substituto eventual,&nbsp; para fazer constar que a lota\u00e7\u00e3o\ndo&nbsp;mencionado&nbsp;servidor \u00e9 Unidade Administrativa do Setor de Educa\u00e7\u00e3o\nProfissional e Tecnol\u00f3gica, e n\u00e3o como constou no referido ato.<\/p>\n\n\n\n<p style=\"text-align:right\"><strong>RICARDO MARCELO FONSECA<\/strong><\/p>\n","protected":false},"excerpt":{"rendered":"<p>O Reitor da Universidade Federal do Paran\u00e1, no uso de suas atribui\u00e7\u00f5es e considerando&nbsp; o que consta no processo n\u00ba 23075.003872\/2020-11, RESOLVE: Alterar&nbsp;a Portaria n\u00ba 1007\/REITORIA, de 20 de maio de 2020, publicada no Di\u00e1rio Oficial da Uni\u00e3o de&nbsp;26 de maio de 2020, se\u00e7\u00e3o 2, p\u00e1g. 22, referente \u00e0 designa\u00e7\u00e3o do servidor WILLIAM DA SILVA [&hellip;]<\/p>\n","protected":false},"author":50,"featured_media":0,"comment_status":"closed","ping_status":"closed","sticky":false,"template":"","format":"standard","meta":{"_acf_changed":false,"iawp_total_views":0,"footnotes":""},"categories":[117],"tags":[120],"class_list":["post-50600","post","type-post","status-publish","format-standard","hentry","category-rt","tag-funcao"],"acf":[],"_links":{"self":[{"href":"https:\/\/progepe.ufpr.br\/portarias\/wp-json\/wp\/v2\/posts\/50600","targetHints":{"allow":["GET"]}}],"collection":[{"href":"https:\/\/progepe.ufpr.br\/portarias\/wp-json\/wp\/v2\/posts"}],"about":[{"href":"https:\/\/progepe.ufpr.br\/portarias\/wp-json\/wp\/v2\/types\/post"}],"author":[{"embeddable":true,"href":"https:\/\/progepe.ufpr.br\/portarias\/wp-json\/wp\/v2\/users\/50"}],"replies":[{"embeddable":true,"href":"https:\/\/progepe.ufpr.br\/portarias\/wp-json\/wp\/v2\/comments?post=50600"}],"version-history":[{"count":1,"href":"https:\/\/progepe.ufpr.br\/portarias\/wp-json\/wp\/v2\/posts\/50600\/revisions"}],"predecessor-version":[{"id":195212,"href":"https:\/\/progepe.ufpr.br\/portarias\/wp-json\/wp\/v2\/posts\/50600\/revisions\/195212"}],"wp:attachment":[{"href":"https:\/\/progepe.ufpr.br\/portarias\/wp-json\/wp\/v2\/media?parent=50600"}],"wp:term":[{"taxonomy":"category","embeddable":true,"href":"https:\/\/progepe.ufpr.br\/portarias\/wp-json\/wp\/v2\/categories?post=50600"},{"taxonomy":"post_tag","embeddable":true,"href":"https:\/\/progepe.ufpr.br\/portarias\/wp-json\/wp\/v2\/tags?post=50600"}],"curies":[{"name":"wp","href":"https:\/\/api.w.org\/{rel}","templated":true}]}}