{"id":50626,"date":"2020-07-29T10:01:00","date_gmt":"2020-07-29T13:01:00","guid":{"rendered":"http:\/\/progepe.ufpr.br\/portal\/?post_type=portarias&#038;p=50626"},"modified":"2023-08-03T12:57:03","modified_gmt":"2023-08-03T15:57:03","slug":"progepe-2020-02168","status":"publish","type":"post","link":"https:\/\/progepe.ufpr.br\/portarias\/progepe-2020-02168\/","title":{"rendered":"PORTARIA N\u00ba 02168\/PROGEPE, DE 29 DE JULHO DE 2020"},"content":{"rendered":"\n<p><strong>O Pr\u00f3-Reitor de Gest\u00e3o de Pessoas da Universidade Federal do Paran\u00e1,<\/strong> no uso de\nsuas atribui\u00e7\u00f5es, tendo em vista a compet\u00eancia que lhe \u00e9 conferida pela\nPortaria n\u00ba 2.590, de 26 de setembro de 1997 e considerando o que consta no\nprocesso n\u00ba 23075.034654\/2020-11,<\/p>\n\n\n\n<p>RESOLVE:<\/p>\n\n\n\n<p>Conceder\naposentadoria volunt\u00e1ria por idade, nos termos do Art. 40, \u00a7 1\u00ba, inciso III,\nal\u00ednea \u201cb\u201d, da Constitui\u00e7\u00e3o Federal, alterado pela Emenda Constitucional n\u00ba 41\/2003,\ncombinado com o Art. 1\u00ba \u00a7 1\u00ba da Lei n\u00ba 10.887\/2004 e combinado com o Art. 3\u00ba da\nEmenda Constitucional n\u00ba 103\/2019, \u00e0 servidora REGINA SANTOS ALVES &#8211;\n1170124, nascida em 30 de outubro de 1953,\nlotada na Equipe de Enfermagem de CTCV e CV do Hospital de Cl\u00ednicas, ocupante\ndo cargo de Auxiliar de Enfermagem, n\u00edvel de Classifica\u00e7\u00e3o C, n\u00edvel de Capacita\u00e7\u00e3o\nIV, padr\u00e3o de Vencimento 15, no regime de 40 (quarenta) horas semanais, com\nproventos proporcionais ao tempo de contribui\u00e7\u00e3o, calculados sobre a m\u00e9dia das\nremunera\u00e7\u00f5es utilizadas como base para as contribui\u00e7\u00f5es aos regimes de\nprevid\u00eancia.<\/p>\n\n\n\n<p style=\"text-align:right\">Douglas Ortiz Hamermuller<\/p>\n","protected":false},"excerpt":{"rendered":"<p>Conceder aposentadoria volunt\u00e1ria por idade, nos termos do Art. 40, \u00a7 1\u00ba, inciso III, al\u00ednea \u201cb\u201d, da Constitui\u00e7\u00e3o Federal, alterado pela Emenda Constitucional n\u00ba 41\/2003, combinado com o Art. 1\u00ba \u00a7 1\u00ba da Lei n\u00ba 10.887\/2004 e combinado com o Art. 3\u00ba da Emenda Constitucional n\u00ba 103\/2019, \u00e0 servidora REGINA SANTOS ALVES &#8211; 1170124, nascida em 30 de outubro de 1953, lotada na Equipe de Enfermagem de CTCV e CV do Hospital de Cl\u00ednicas, ocupante do cargo de Auxiliar de Enfermagem, n\u00edvel de Classifica\u00e7\u00e3o C, n\u00edvel de Capacita\u00e7\u00e3o IV, padr\u00e3o de Vencimento 15, no regime de 40 (quarenta)<\/p>\n","protected":false},"author":49,"featured_media":0,"comment_status":"closed","ping_status":"closed","sticky":false,"template":"","format":"standard","meta":{"_acf_changed":false,"iawp_total_views":0,"footnotes":""},"categories":[116],"tags":[125],"class_list":["post-50626","post","type-post","status-publish","format-standard","hentry","category-progepe","tag-aposentadoria"],"acf":[],"_links":{"self":[{"href":"https:\/\/progepe.ufpr.br\/portarias\/wp-json\/wp\/v2\/posts\/50626","targetHints":{"allow":["GET"]}}],"collection":[{"href":"https:\/\/progepe.ufpr.br\/portarias\/wp-json\/wp\/v2\/posts"}],"about":[{"href":"https:\/\/progepe.ufpr.br\/portarias\/wp-json\/wp\/v2\/types\/post"}],"author":[{"embeddable":true,"href":"https:\/\/progepe.ufpr.br\/portarias\/wp-json\/wp\/v2\/users\/49"}],"replies":[{"embeddable":true,"href":"https:\/\/progepe.ufpr.br\/portarias\/wp-json\/wp\/v2\/comments?post=50626"}],"version-history":[{"count":1,"href":"https:\/\/progepe.ufpr.br\/portarias\/wp-json\/wp\/v2\/posts\/50626\/revisions"}],"predecessor-version":[{"id":195217,"href":"https:\/\/progepe.ufpr.br\/portarias\/wp-json\/wp\/v2\/posts\/50626\/revisions\/195217"}],"wp:attachment":[{"href":"https:\/\/progepe.ufpr.br\/portarias\/wp-json\/wp\/v2\/media?parent=50626"}],"wp:term":[{"taxonomy":"category","embeddable":true,"href":"https:\/\/progepe.ufpr.br\/portarias\/wp-json\/wp\/v2\/categories?post=50626"},{"taxonomy":"post_tag","embeddable":true,"href":"https:\/\/progepe.ufpr.br\/portarias\/wp-json\/wp\/v2\/tags?post=50626"}],"curies":[{"name":"wp","href":"https:\/\/api.w.org\/{rel}","templated":true}]}}