{"id":50643,"date":"2020-07-30T05:01:00","date_gmt":"2020-07-30T08:01:00","guid":{"rendered":"http:\/\/progepe.ufpr.br\/portal\/?post_type=portarias&#038;p=50643"},"modified":"2024-09-18T10:35:35","modified_gmt":"2024-09-18T13:35:35","slug":"rt-2020-01222","status":"publish","type":"post","link":"https:\/\/progepe.ufpr.br\/portarias\/rt-2020-01222\/","title":{"rendered":"PORTARIA N\u00ba 01222\/REITORIA, DE 30 DE JULHO DE 2020"},"content":{"rendered":"\n<p style=\"padding-left:43%\">O Reitor da Universidade Federal do Paran\u00e1, no uso de suas atribui\u00e7\u00f5es e tendo em vista o que consta no processo n\u00ba 23075.040124\/2020-10,<\/p>\n\n\n\n<p style=\"padding-left:43%\"><strong>RESOLVE:<\/strong><\/p>\n\n\n\n<p>Designar para compor a comiss\u00e3o para acompanhar a implementa\u00e7\u00e3o do per\u00edodo especial com diagn\u00f3sticos e progn\u00f3sticos para eventuais altera\u00e7\u00f5es da Resolu\u00e7\u00e3o n\u00ba 59\/2020-CEPE, os seguintes integrantes:<\/p>\n\n\n\n<p class=\"has-small-font-size\" style=\"padding-left:var(--wp--preset--spacing--40)\"><strong>Presidente:<\/strong><\/p>\n\n\n\n<p style=\"padding-left:var(--wp--preset--spacing--60)\">EDUARDO SALLES DE OLIVEIRA BARRA &#8211; 1354144<\/p>\n\n\n\n<p class=\"has-small-font-size\" style=\"padding-left:var(--wp--preset--spacing--40)\"><strong>Membros:<\/strong><\/p>\n\n\n\n<p style=\"padding-left:var(--wp--preset--spacing--60)\">CAMILA GARCIA &#8211; Discente<br>HELTON JOSE ALVES &#8211; 2713423<br>JULIO GOMES &#8211; 1720823<br>KELLY CRISTINA DE SOUZA PRUDENCIO &#8211; 2352181<br>MARIA JOSELE BUCCO COELHO &#8211; 1615457<br>MARIA RITA DE ASSIS CESAR &#8211; 2303058<br>MARINES DE PAULI THOMAZ &#8211; 1170370<br>REGINA MARIA FERREIRA LANG &#8211; 1043950<br>SANDRAMARA SCANDELARI KUSANO DE PAULA SOARES &#8211; 2225048<br>VALTER ANTONIO MAIER &#8211; 341824<\/p>\n","protected":false},"excerpt":{"rendered":"<p>Designar para compor a comiss\u00e3o para acompanhar a implementa\u00e7\u00e3o do per\u00edodo especial com diagn\u00f3sticos e progn\u00f3sticos para eventuais altera\u00e7\u00f5es da Resolu\u00e7\u00e3o n\u00ba 59\/2020-CEPE, os seguintes integrantes:  <!-- wp:paragraph {\"style\":{\"spacing\":{\"padding\":{\"left\":\"var:preset|spacing|40\"}}},\"fontSize\":\"small\"} \n\n<p class=\"has-small-font-size\" style=\"padding-left:var(--wp--preset--spacing--40)\"><strong>Presidente:<\/strong>  <!-- wp:paragraph {\"style\":{\"spacing\":{\"padding\":{\"left\":\"var:preset|spacing|60\"}}}} \n\n<p style=\"padding-left:var(--wp--preset--spacing--60)\">EDUARDO SALLES DE OLIVEIRA BARRA - 1354144  <!-- wp:paragraph {\"style\":{\"spacing\":{\"padding\":{\"left\":\"var:preset|spacing|40\"}}},\"fontSize\":\"small\"} \n\n<p class=\"has-small-font-size\" style=\"padding-left:var(--wp--preset--spacing--40)\"><strong>Membros:<\/strong>  <!-- wp:paragraph {\"style\":{\"spacing\":{\"padding\":{\"left\":\"var:preset|spacing|60\"}}}} \n\n<p style=\"padding-left:var(--wp--preset--spacing--60)\">CAMILA GARCIA - Discente<br \/>HELTON JOSE ALVE\n<\/p>\n","protected":false},"author":49,"featured_media":0,"comment_status":"closed","ping_status":"closed","sticky":false,"template":"","format":"standard","meta":{"_acf_changed":false,"iawp_total_views":5,"footnotes":""},"categories":[117],"tags":[124],"class_list":["post-50643","post","type-post","status-publish","format-standard","hentry","category-rt","tag-comissao"],"acf":[],"_links":{"self":[{"href":"https:\/\/progepe.ufpr.br\/portarias\/wp-json\/wp\/v2\/posts\/50643","targetHints":{"allow":["GET"]}}],"collection":[{"href":"https:\/\/progepe.ufpr.br\/portarias\/wp-json\/wp\/v2\/posts"}],"about":[{"href":"https:\/\/progepe.ufpr.br\/portarias\/wp-json\/wp\/v2\/types\/post"}],"author":[{"embeddable":true,"href":"https:\/\/progepe.ufpr.br\/portarias\/wp-json\/wp\/v2\/users\/49"}],"replies":[{"embeddable":true,"href":"https:\/\/progepe.ufpr.br\/portarias\/wp-json\/wp\/v2\/comments?post=50643"}],"version-history":[{"count":4,"href":"https:\/\/progepe.ufpr.br\/portarias\/wp-json\/wp\/v2\/posts\/50643\/revisions"}],"predecessor-version":[{"id":257446,"href":"https:\/\/progepe.ufpr.br\/portarias\/wp-json\/wp\/v2\/posts\/50643\/revisions\/257446"}],"wp:attachment":[{"href":"https:\/\/progepe.ufpr.br\/portarias\/wp-json\/wp\/v2\/media?parent=50643"}],"wp:term":[{"taxonomy":"category","embeddable":true,"href":"https:\/\/progepe.ufpr.br\/portarias\/wp-json\/wp\/v2\/categories?post=50643"},{"taxonomy":"post_tag","embeddable":true,"href":"https:\/\/progepe.ufpr.br\/portarias\/wp-json\/wp\/v2\/tags?post=50643"}],"curies":[{"name":"wp","href":"https:\/\/api.w.org\/{rel}","templated":true}]}}