{"id":50707,"date":"2020-07-30T20:00:00","date_gmt":"2020-07-30T23:00:00","guid":{"rendered":"http:\/\/progepe.ufpr.br\/portal\/?post_type=portarias&#038;p=50707"},"modified":"2024-08-07T15:31:05","modified_gmt":"2024-08-07T18:31:05","slug":"dd-2020-00661","status":"publish","type":"post","link":"https:\/\/progepe.ufpr.br\/portarias\/dd-2020-00661\/","title":{"rendered":"PORTARIA N\u00ba 00661\/DD, DE 30 DE JULHO DE 2020"},"content":{"rendered":"\n<p style=\"padding-left:43%\">O Diretor Disciplinar da Universidade Federal do Paran\u00e1,\u00a0no uso de suas atribui\u00e7\u00f5es, tendo em vista a compet\u00eancia que lhe \u00e9 conferida pela Portaria n\u00ba 593\/REITORIA, de 28 de agosto de 2017, o disposto no artigo 143 da Lei n\u00ba 8.112, de 11 de dezembro de 1990, nos artigos 19, 20 e 21 da Instru\u00e7\u00e3o Normativa CGU n\u00ba 14, de 14 de novembro de 2018, e o que consta no Processo 23075.028821\/2020-94,<\/p>\n\n\n\n<p style=\"padding-left:43%\"><strong>RESOLVE:<\/strong><\/p>\n\n\n\n<p>Designar os servidores SARITA PAVIN &#8211; 0342829, Assistente em Administra\u00e7\u00e3o, lotada na Unidade de Apoio Administrativo do Setor de Ci\u00eancias da Terra; e JULIAN VOSGERAU &#8211; 2263332, Assistente em Administra\u00e7\u00e3o, lotado na Unidade de Apoio Administrativo do Setor de Ci\u00eancias Biol\u00f3gicas, para, sob a presid\u00eancia da primeira, constitu\u00edrem Comiss\u00e3o de Sindic\u00e2ncia Investigativa destinada a apurar, no prazo de 60 (sessenta) dias, os fatos de que trata o Processo 23075.028821\/2020-94, bem como proceder ao exame dos atos e fatos conexos que emergirem no decorrer dos trabalhos.<\/p>\n","protected":false},"excerpt":{"rendered":"<p>Designar os servidores SARITA PAVIN &#8211; 0342829, Assistente em Administra\u00e7\u00e3o, lotada na Unidade de Apoio Administrativo do Setor de Ci\u00eancias da Terra; e JULIAN VOSGERAU &#8211; 2263332, Assistente em Administra\u00e7\u00e3o, lotado na Unidade de Apoio Administrativo do Setor de Ci\u00eancias Biol\u00f3gicas, para, sob a presid\u00eancia da primeira, constitu\u00edrem Comiss\u00e3o de Sindic\u00e2ncia Investigativa destinada a apurar, no prazo de 60 (sessenta) dias, os fatos de que trata o Processo 23075.028821\/2020-94, bem como proceder ao exame dos atos e fatos conexos que emergirem no decorrer dos trabalhos.<\/p>\n","protected":false},"author":12,"featured_media":0,"comment_status":"closed","ping_status":"closed","sticky":false,"template":"","format":"standard","meta":{"_acf_changed":false,"iawp_total_views":0,"footnotes":""},"categories":[118],"tags":[132],"class_list":["post-50707","post","type-post","status-publish","format-standard","hentry","category-dd","tag-pad-sindicancia"],"acf":[],"_links":{"self":[{"href":"https:\/\/progepe.ufpr.br\/portarias\/wp-json\/wp\/v2\/posts\/50707","targetHints":{"allow":["GET"]}}],"collection":[{"href":"https:\/\/progepe.ufpr.br\/portarias\/wp-json\/wp\/v2\/posts"}],"about":[{"href":"https:\/\/progepe.ufpr.br\/portarias\/wp-json\/wp\/v2\/types\/post"}],"author":[{"embeddable":true,"href":"https:\/\/progepe.ufpr.br\/portarias\/wp-json\/wp\/v2\/users\/12"}],"replies":[{"embeddable":true,"href":"https:\/\/progepe.ufpr.br\/portarias\/wp-json\/wp\/v2\/comments?post=50707"}],"version-history":[{"count":3,"href":"https:\/\/progepe.ufpr.br\/portarias\/wp-json\/wp\/v2\/posts\/50707\/revisions"}],"predecessor-version":[{"id":256806,"href":"https:\/\/progepe.ufpr.br\/portarias\/wp-json\/wp\/v2\/posts\/50707\/revisions\/256806"}],"wp:attachment":[{"href":"https:\/\/progepe.ufpr.br\/portarias\/wp-json\/wp\/v2\/media?parent=50707"}],"wp:term":[{"taxonomy":"category","embeddable":true,"href":"https:\/\/progepe.ufpr.br\/portarias\/wp-json\/wp\/v2\/categories?post=50707"},{"taxonomy":"post_tag","embeddable":true,"href":"https:\/\/progepe.ufpr.br\/portarias\/wp-json\/wp\/v2\/tags?post=50707"}],"curies":[{"name":"wp","href":"https:\/\/api.w.org\/{rel}","templated":true}]}}