{"id":50786,"date":"2020-08-03T10:18:00","date_gmt":"2020-08-03T13:18:00","guid":{"rendered":"http:\/\/progepe.ufpr.br\/portal\/?post_type=portarias&#038;p=50786"},"modified":"2023-08-03T12:57:07","modified_gmt":"2023-08-03T15:57:07","slug":"progepe-2020-02197","status":"publish","type":"post","link":"https:\/\/progepe.ufpr.br\/portarias\/progepe-2020-02197\/","title":{"rendered":"PORTARIA N\u00ba 02197\/PROGEPE, DE 03 DE AGOSTO DE 2020"},"content":{"rendered":"\n<p><strong>A\u00a0Pr\u00f3-Reitora de Gest\u00e3o de Pessoas da Universidade Federal do Paran\u00e1, em exerc\u00edcio, <\/strong>no uso de suas atribui\u00e7\u00f5es, tendo em vista a compet\u00eancia que lhe \u00e9 conferida pela Portaria n\u00ba 2.590, de 26 de setembro de 1997, de acordo com os Artigos 11 e 12 da Lei n\u00ba 11.091\/2005; Anexos II e III do Decreto n\u00ba 5.824\/2006; Portaria n\u00ba 18908\/PROGEPE\/2016, Oficio Circular SEI n\u00ba 2\/2019\/CGCAR ASSES\/CGCAR\/DESEN\/SGP\/SEDGG-ME e, o que consta no processo n\u00ba 23075.035491\/2020-93, <\/p>\n\n\n\n<p>RESOLVE: <\/p>\n\n\n\n<p>Conceder o Incentivo \u00e0 Qualifica\u00e7\u00e3o no percentual\nde 52% (cinquenta e dois por cento), a partir de 01 de julho de 2020, \u00e0 servidora\nDANIELLA PORFIRIO NUNES &#8211; 2482418, ocupante do cargo de M\u00e9dica &#8211; \u00c1rea,\nlotada&nbsp;na Unidade Cardiovascular e Pneumologia do Hospital de Cl\u00ednicas,\ntendo em vista ter apresentado o Certid\u00e3o de Conclus\u00e3o do Curso de\nP\u00f3s-Gradua\u00e7\u00e3o em n\u00edvel de Mestrado em Medicina Interna e Ci\u00eancias da Sa\u00fade,\nemitida pela Universidade Federal do Paran\u00e1.<\/p>\n\n\n\n<p style=\"text-align:right\"><strong>LANIA VIRGINIA BUSNELLO VAZ<\/strong><\/p>\n","protected":false},"excerpt":{"rendered":"<p>A\u00a0Pr\u00f3-Reitora de Gest\u00e3o de Pessoas da Universidade Federal do Paran\u00e1, em exerc\u00edcio, no uso de suas atribui\u00e7\u00f5es, tendo em vista a compet\u00eancia que lhe \u00e9 conferida pela Portaria n\u00ba 2.590, de 26 de setembro de 1997, de acordo com os Artigos 11 e 12 da Lei n\u00ba 11.091\/2005; Anexos II e III do Decreto n\u00ba [&hellip;]<\/p>\n","protected":false},"author":50,"featured_media":0,"comment_status":"closed","ping_status":"closed","sticky":false,"template":"","format":"standard","meta":{"_acf_changed":false,"iawp_total_views":0,"footnotes":""},"categories":[116],"tags":[142],"class_list":["post-50786","post","type-post","status-publish","format-standard","hentry","category-progepe","tag-incentivo-qualificacao"],"acf":[],"_links":{"self":[{"href":"https:\/\/progepe.ufpr.br\/portarias\/wp-json\/wp\/v2\/posts\/50786","targetHints":{"allow":["GET"]}}],"collection":[{"href":"https:\/\/progepe.ufpr.br\/portarias\/wp-json\/wp\/v2\/posts"}],"about":[{"href":"https:\/\/progepe.ufpr.br\/portarias\/wp-json\/wp\/v2\/types\/post"}],"author":[{"embeddable":true,"href":"https:\/\/progepe.ufpr.br\/portarias\/wp-json\/wp\/v2\/users\/50"}],"replies":[{"embeddable":true,"href":"https:\/\/progepe.ufpr.br\/portarias\/wp-json\/wp\/v2\/comments?post=50786"}],"version-history":[{"count":1,"href":"https:\/\/progepe.ufpr.br\/portarias\/wp-json\/wp\/v2\/posts\/50786\/revisions"}],"predecessor-version":[{"id":195236,"href":"https:\/\/progepe.ufpr.br\/portarias\/wp-json\/wp\/v2\/posts\/50786\/revisions\/195236"}],"wp:attachment":[{"href":"https:\/\/progepe.ufpr.br\/portarias\/wp-json\/wp\/v2\/media?parent=50786"}],"wp:term":[{"taxonomy":"category","embeddable":true,"href":"https:\/\/progepe.ufpr.br\/portarias\/wp-json\/wp\/v2\/categories?post=50786"},{"taxonomy":"post_tag","embeddable":true,"href":"https:\/\/progepe.ufpr.br\/portarias\/wp-json\/wp\/v2\/tags?post=50786"}],"curies":[{"name":"wp","href":"https:\/\/api.w.org\/{rel}","templated":true}]}}