{"id":50902,"date":"2020-08-03T10:14:00","date_gmt":"2020-08-03T13:14:00","guid":{"rendered":"http:\/\/progepe.ufpr.br\/portal\/?post_type=portarias&#038;p=50902"},"modified":"2023-08-03T12:57:07","modified_gmt":"2023-08-03T15:57:07","slug":"progepe-2020-02193","status":"publish","type":"post","link":"https:\/\/progepe.ufpr.br\/portarias\/progepe-2020-02193\/","title":{"rendered":"PORTARIA N\u00ba 02193\/PROGEPE, DE 03 DE AGOSTO DE 2020"},"content":{"rendered":"\n<p><strong>A Pr\u00f3-Reitora de Gest\u00e3o de Pessoas da Universidade Federal do Paran\u00e1, em exerc\u00edcio,<\/strong>  no uso de suas atribui\u00e7\u00f5es, tendo em vista a compet\u00eancia que lhe \u00e9  conferida pela Portaria n\u00ba 2.590, de 26 de setembro de 1997 e  considerando o contido nos artigos 18, 19 e 20 da Resolu\u00e7\u00e3o n\u00ba  002\/2000-COPLAD e ainda o contido no processo n\u00ba 23075.036883\/2020-70, <\/p>\n\n\n\n<p>RESOLVE:<\/p>\n\n\n\n<p>Designar para compor a comiss\u00e3o respons\u00e1vel\n pela primeira etapa da avalia\u00e7\u00e3o de desempenho em est\u00e1gio probat\u00f3rio da\n servidora DENISE DO CARMO RAMOS \u2013 3154595, ocupante do cargo de \nAssistente em Administra\u00e7\u00e3o, lotada na Unidade de Sa\u00fade Ocupacional do \nServidor de Pessoas da Pr\u00f3-Reitoria de Gest\u00e3o de Pessoas, os seguintes \nmembros:<\/p>\n\n\n\n<ul class=\"wp-block-list\"><li>\n\tDANILLO RAMOS DA SILVA \u2013 2316789\n\t<\/li><li>\n\tYEDA CRISTINA PASSOS CAFFARO DA CRUZ &#8211; 1066448\n\t<\/li><li>\n\tANA PAULA MASSARELI DE CARVALHO &#8211; 1241382\n\t<\/li><\/ul>\n\n\n\n<p style=\"text-align:right\"><strong>LANIA VIRGINIA BUSNELLO VAZ<\/strong><\/p>\n","protected":false},"excerpt":{"rendered":"<p>Designar para compor a comiss\u00e3o respons\u00e1vel pela primeira etapa da avalia\u00e7\u00e3o de desempenho em est\u00e1gio probat\u00f3rio da servidora DENISE DO CARMO RAMOS \u2013 3154595, ocupante do cargo de Assistente em Administra\u00e7\u00e3o, lotada na Unidade de Sa\u00fade Ocupacional do Servidor de Pessoas da Pr\u00f3-Reitoria de Gest\u00e3o de Pessoas, os seguintes membros:  <!-- wp:list \n\n<ul>\n\n<li> DANILLO RAMOS DA SILVA \u2013 2316789 <\/li>\n\n\n\n<li> YEDA CRISTINA PASSOS CAFFARO DA CRUZ - 1066448 <\/li>\n\n\n\n<li> ANA PAULA MASSARELI DE CARVALHO - 1241382 <\/li>\n\n<\/ul>\n\n <!-- \/wp:list  <!-- wp:paragraph {\"align\":\"right\"} \n\n<p style=\"text-align:right\"><strong>LANIA VIRGINIA BUSNELLO VAZ<\/strong>\n<\/p>\n","protected":false},"author":48,"featured_media":0,"comment_status":"closed","ping_status":"closed","sticky":false,"template":"","format":"standard","meta":{"_acf_changed":false,"iawp_total_views":1,"footnotes":""},"categories":[116],"tags":[124],"class_list":["post-50902","post","type-post","status-publish","format-standard","hentry","category-progepe","tag-comissao"],"acf":[],"_links":{"self":[{"href":"https:\/\/progepe.ufpr.br\/portarias\/wp-json\/wp\/v2\/posts\/50902","targetHints":{"allow":["GET"]}}],"collection":[{"href":"https:\/\/progepe.ufpr.br\/portarias\/wp-json\/wp\/v2\/posts"}],"about":[{"href":"https:\/\/progepe.ufpr.br\/portarias\/wp-json\/wp\/v2\/types\/post"}],"author":[{"embeddable":true,"href":"https:\/\/progepe.ufpr.br\/portarias\/wp-json\/wp\/v2\/users\/48"}],"replies":[{"embeddable":true,"href":"https:\/\/progepe.ufpr.br\/portarias\/wp-json\/wp\/v2\/comments?post=50902"}],"version-history":[{"count":1,"href":"https:\/\/progepe.ufpr.br\/portarias\/wp-json\/wp\/v2\/posts\/50902\/revisions"}],"predecessor-version":[{"id":195256,"href":"https:\/\/progepe.ufpr.br\/portarias\/wp-json\/wp\/v2\/posts\/50902\/revisions\/195256"}],"wp:attachment":[{"href":"https:\/\/progepe.ufpr.br\/portarias\/wp-json\/wp\/v2\/media?parent=50902"}],"wp:term":[{"taxonomy":"category","embeddable":true,"href":"https:\/\/progepe.ufpr.br\/portarias\/wp-json\/wp\/v2\/categories?post=50902"},{"taxonomy":"post_tag","embeddable":true,"href":"https:\/\/progepe.ufpr.br\/portarias\/wp-json\/wp\/v2\/tags?post=50902"}],"curies":[{"name":"wp","href":"https:\/\/api.w.org\/{rel}","templated":true}]}}