{"id":50912,"date":"2020-08-03T05:00:00","date_gmt":"2020-08-03T08:00:00","guid":{"rendered":"http:\/\/progepe.ufpr.br\/portal\/?post_type=portarias&#038;p=50912"},"modified":"2024-08-06T13:59:45","modified_gmt":"2024-08-06T16:59:45","slug":"rt-2020-01226","status":"publish","type":"post","link":"https:\/\/progepe.ufpr.br\/portarias\/rt-2020-01226\/","title":{"rendered":"PORTARIA N\u00ba 01226\/REITORIA, DE 03 DE AGOSTO DE 2020"},"content":{"rendered":"\n<p style=\"padding-left:43%\">O Reitor da Universidade Federal do Paran\u00e1, no uso de suas atribui\u00e7\u00f5es e tendo em vista o que consta no processo n\u00ba 23075.039837\/2020-22,<\/p>\n\n\n\n<p style=\"padding-left:43%\"><strong>RESOLVE:<\/strong><\/p>\n\n\n\n<p>Designar, a partir da data de publica\u00e7\u00e3o em DOU desta Portaria, a servidora JOSIANE DE PAULA RIBEIRO &#8211; 342351, ocupante do cargo de Assistente em Administra\u00e7\u00e3o, lotada na Unidade de An\u00e1lise Financeira da\u00a0Coordenadoria de Administra\u00e7\u00e3o Financeira do Departamento de Contabilidade e Finan\u00e7as da Pr\u00f3-Reitoria de Planejamento, Or\u00e7amento e Finan\u00e7as, como substituta eventual do servidor SAULO SILVA LIMA FILHO &#8211; 2297561, no Cargo de Dire\u00e7\u00e3o de Coordenador(a), CD-04, da Coordenadoria de Administra\u00e7\u00e3o Financeira do Departamento de Contabilidade e Finan\u00e7as da Pr\u00f3-Reitoria de Planejamento, Or\u00e7amento e Finan\u00e7as.<\/p>\n","protected":false},"excerpt":{"rendered":"<p>Designar, a partir da data de publica\u00e7\u00e3o em DOU desta Portaria, a servidora JOSIANE DE PAULA RIBEIRO &#8211; 342351, ocupante do cargo de Assistente em Administra\u00e7\u00e3o, lotada na Unidade de An\u00e1lise Financeira da\u00a0Coordenadoria de Administra\u00e7\u00e3o Financeira do Departamento de Contabilidade e Finan\u00e7as da Pr\u00f3-Reitoria de Planejamento, Or\u00e7amento e Finan\u00e7as, como substituta eventual do servidor SAULO SILVA LIMA FILHO &#8211; 2297561, no Cargo de Dire\u00e7\u00e3o de Coordenador(a), CD-04, da Coordenadoria de Administra\u00e7\u00e3o Financeira do Departamento de Contabilidade e Finan\u00e7as da Pr\u00f3-Reitoria de Planejamento, Or\u00e7amento e Finan\u00e7as.<\/p>\n","protected":false},"author":50,"featured_media":0,"comment_status":"closed","ping_status":"open","sticky":false,"template":"","format":"standard","meta":{"_acf_changed":false,"iawp_total_views":0,"footnotes":""},"categories":[117],"tags":[120],"class_list":["post-50912","post","type-post","status-publish","format-standard","hentry","category-rt","tag-funcao"],"acf":[],"_links":{"self":[{"href":"https:\/\/progepe.ufpr.br\/portarias\/wp-json\/wp\/v2\/posts\/50912","targetHints":{"allow":["GET"]}}],"collection":[{"href":"https:\/\/progepe.ufpr.br\/portarias\/wp-json\/wp\/v2\/posts"}],"about":[{"href":"https:\/\/progepe.ufpr.br\/portarias\/wp-json\/wp\/v2\/types\/post"}],"author":[{"embeddable":true,"href":"https:\/\/progepe.ufpr.br\/portarias\/wp-json\/wp\/v2\/users\/50"}],"replies":[{"embeddable":true,"href":"https:\/\/progepe.ufpr.br\/portarias\/wp-json\/wp\/v2\/comments?post=50912"}],"version-history":[{"count":7,"href":"https:\/\/progepe.ufpr.br\/portarias\/wp-json\/wp\/v2\/posts\/50912\/revisions"}],"predecessor-version":[{"id":256739,"href":"https:\/\/progepe.ufpr.br\/portarias\/wp-json\/wp\/v2\/posts\/50912\/revisions\/256739"}],"wp:attachment":[{"href":"https:\/\/progepe.ufpr.br\/portarias\/wp-json\/wp\/v2\/media?parent=50912"}],"wp:term":[{"taxonomy":"category","embeddable":true,"href":"https:\/\/progepe.ufpr.br\/portarias\/wp-json\/wp\/v2\/categories?post=50912"},{"taxonomy":"post_tag","embeddable":true,"href":"https:\/\/progepe.ufpr.br\/portarias\/wp-json\/wp\/v2\/tags?post=50912"}],"curies":[{"name":"wp","href":"https:\/\/api.w.org\/{rel}","templated":true}]}}