{"id":50935,"date":"2020-08-03T10:16:00","date_gmt":"2020-08-03T13:16:00","guid":{"rendered":"http:\/\/progepe.ufpr.br\/portal\/?post_type=portarias&#038;p=50935"},"modified":"2023-08-03T12:57:07","modified_gmt":"2023-08-03T15:57:07","slug":"progepe-2020-02195","status":"publish","type":"post","link":"https:\/\/progepe.ufpr.br\/portarias\/progepe-2020-02195\/","title":{"rendered":"PORTARIA N\u00ba 02195\/PROGEPE, DE 03 DE AGOSTO DE 2020"},"content":{"rendered":"\n<p><strong>A Pr\u00f3-Reitora de Gest\u00e3o de Pessoas da Universidade Federal do Paran\u00e1, em exerc\u00edcio, <\/strong>no  uso de suas atribui\u00e7\u00f5es, tendo em vista a compet\u00eancia que lhe \u00e9  conferida pela Portaria n\u00ba 2.590, de 26 de setembro de 1997,  considerando o que consta nas Leis n\u00ba 8.745\/93 e 9.849\/99 e ainda o  contido no processo n\u00ba 23075.036317\/2020-68; <\/p>\n\n\n\n<p>RESOLVE:<\/p>\n\n\n\n<p> Autorizar, a partir 31 de julho de 2020 at\u00e9 30 de agosto de 2020, a  prorroga\u00e7\u00e3o do contrato de NAYARA GUETTEN RIBASKI &#8211; 3144920, como  Professor Substituto. <\/p>\n\n\n\n<p class=\"has-text-align-right\"><\/p>\n","protected":false},"excerpt":{"rendered":"<p>Autorizar, a partir 31 de julho de 2020 at\u00e9 30 de agosto de 2020, a prorroga\u00e7\u00e3o do contrato de NAYARA GUETTEN RIBASKI &#8211; 3144920, como Professor Substituto.  <!-- wp:paragraph {\"align\":\"right\"} \n\n<p class=\"has-text-align-right\">\n<\/p>\n","protected":false},"author":48,"featured_media":0,"comment_status":"closed","ping_status":"open","sticky":false,"template":"","format":"standard","meta":{"_acf_changed":false,"iawp_total_views":0,"footnotes":""},"categories":[116],"tags":[141],"class_list":["post-50935","post","type-post","status-publish","format-standard","hentry","category-progepe","tag-contratacao"],"acf":[],"_links":{"self":[{"href":"https:\/\/progepe.ufpr.br\/portarias\/wp-json\/wp\/v2\/posts\/50935","targetHints":{"allow":["GET"]}}],"collection":[{"href":"https:\/\/progepe.ufpr.br\/portarias\/wp-json\/wp\/v2\/posts"}],"about":[{"href":"https:\/\/progepe.ufpr.br\/portarias\/wp-json\/wp\/v2\/types\/post"}],"author":[{"embeddable":true,"href":"https:\/\/progepe.ufpr.br\/portarias\/wp-json\/wp\/v2\/users\/48"}],"replies":[{"embeddable":true,"href":"https:\/\/progepe.ufpr.br\/portarias\/wp-json\/wp\/v2\/comments?post=50935"}],"version-history":[{"count":3,"href":"https:\/\/progepe.ufpr.br\/portarias\/wp-json\/wp\/v2\/posts\/50935\/revisions"}],"predecessor-version":[{"id":124964,"href":"https:\/\/progepe.ufpr.br\/portarias\/wp-json\/wp\/v2\/posts\/50935\/revisions\/124964"}],"wp:attachment":[{"href":"https:\/\/progepe.ufpr.br\/portarias\/wp-json\/wp\/v2\/media?parent=50935"}],"wp:term":[{"taxonomy":"category","embeddable":true,"href":"https:\/\/progepe.ufpr.br\/portarias\/wp-json\/wp\/v2\/categories?post=50935"},{"taxonomy":"post_tag","embeddable":true,"href":"https:\/\/progepe.ufpr.br\/portarias\/wp-json\/wp\/v2\/tags?post=50935"}],"curies":[{"name":"wp","href":"https:\/\/api.w.org\/{rel}","templated":true}]}}