{"id":51086,"date":"2020-08-05T10:14:00","date_gmt":"2020-08-05T13:14:00","guid":{"rendered":"http:\/\/progepe.ufpr.br\/portal\/?post_type=portarias&#038;p=51086"},"modified":"2023-08-03T12:57:11","modified_gmt":"2023-08-03T15:57:11","slug":"progepe-2020-02230","status":"publish","type":"post","link":"https:\/\/progepe.ufpr.br\/portarias\/progepe-2020-02230\/","title":{"rendered":"PORTARIA N\u00ba 02230\/PROGEPE, DE 05 DE AGOSTO DE 2020"},"content":{"rendered":"\n<p><strong>A Pr\u00f3-Reitora de Gest\u00e3o de Pessoas da Universidade Federal do Paran\u00e1 em\nexerc\u00edcio,<\/strong> no uso de suas atribui\u00e7\u00f5es, tendo em vista a\ncompet\u00eancia que lhe \u00e9 conferida pela Portaria n\u00ba 2.590, de 26 de setembro de\n1997 e considerando o que consta no processo n\u00ba 23075.036125\/2020-51,<\/p>\n\n\n\n<p>RESOLVE:<\/p>\n\n\n\n<p>Autorizar, considerando o per\u00edodo de calamidade p\u00fablica\ncom o COVID-19, a movimenta\u00e7\u00e3o do servidor WALACE DOS SANTOS NASCIMENTO\n&#8211; 3081713, ocupante do cargo de T\u00e9cnico\nem Enfermagem, para o Servi\u00e7o de Enfermagem Cl\u00ednica M\u00e9dica Feminina do Hospital\nde Cl\u00ednicas, durante o per\u00edodo de 03 de agosto de 2020 a 31 de dezembro de\n2020.<\/p>\n\n\n\n<p style=\"text-align:right\">Lania\nVirginia Busnello Vaz<\/p>\n","protected":false},"excerpt":{"rendered":"<p>Autorizar, considerando o per\u00edodo de calamidade p\u00fablica com o COVID-19, a movimenta\u00e7\u00e3o do servidor WALACE DOS SANTOS NASCIMENTO &#8211; 3081713, ocupante do cargo de T\u00e9cnico em Enfermagem, para o Servi\u00e7o de Enfermagem Cl\u00ednica M\u00e9dica Feminina do Hospital de Cl\u00ednicas, durante o per\u00edodo de 03 de agosto de 2020 a 31 de dezembro de 2020.  <!-- wp:paragraph {\"align\":\"right\"} \n\n<p style=\"text-align:right\">Lania Virginia Busnello Vaz\n<\/p>\n","protected":false},"author":49,"featured_media":0,"comment_status":"closed","ping_status":"closed","sticky":false,"template":"","format":"standard","meta":{"_acf_changed":false,"iawp_total_views":0,"footnotes":""},"categories":[116],"tags":[135],"class_list":["post-51086","post","type-post","status-publish","format-standard","hentry","category-progepe","tag-remocao"],"acf":[],"_links":{"self":[{"href":"https:\/\/progepe.ufpr.br\/portarias\/wp-json\/wp\/v2\/posts\/51086","targetHints":{"allow":["GET"]}}],"collection":[{"href":"https:\/\/progepe.ufpr.br\/portarias\/wp-json\/wp\/v2\/posts"}],"about":[{"href":"https:\/\/progepe.ufpr.br\/portarias\/wp-json\/wp\/v2\/types\/post"}],"author":[{"embeddable":true,"href":"https:\/\/progepe.ufpr.br\/portarias\/wp-json\/wp\/v2\/users\/49"}],"replies":[{"embeddable":true,"href":"https:\/\/progepe.ufpr.br\/portarias\/wp-json\/wp\/v2\/comments?post=51086"}],"version-history":[{"count":1,"href":"https:\/\/progepe.ufpr.br\/portarias\/wp-json\/wp\/v2\/posts\/51086\/revisions"}],"predecessor-version":[{"id":195277,"href":"https:\/\/progepe.ufpr.br\/portarias\/wp-json\/wp\/v2\/posts\/51086\/revisions\/195277"}],"wp:attachment":[{"href":"https:\/\/progepe.ufpr.br\/portarias\/wp-json\/wp\/v2\/media?parent=51086"}],"wp:term":[{"taxonomy":"category","embeddable":true,"href":"https:\/\/progepe.ufpr.br\/portarias\/wp-json\/wp\/v2\/categories?post=51086"},{"taxonomy":"post_tag","embeddable":true,"href":"https:\/\/progepe.ufpr.br\/portarias\/wp-json\/wp\/v2\/tags?post=51086"}],"curies":[{"name":"wp","href":"https:\/\/api.w.org\/{rel}","templated":true}]}}