{"id":51133,"date":"2020-08-06T20:00:00","date_gmt":"2020-08-06T23:00:00","guid":{"rendered":"http:\/\/progepe.ufpr.br\/portal\/?post_type=portarias&#038;p=51133"},"modified":"2023-08-03T11:03:15","modified_gmt":"2023-08-03T14:03:15","slug":"dd-2020-00665","status":"publish","type":"post","link":"https:\/\/progepe.ufpr.br\/portarias\/dd-2020-00665\/","title":{"rendered":"PORTARIA N\u00ba 00665\/DD, DE 06 DE AGOSTO DE 2020"},"content":{"rendered":"\n<p><strong>O Diretor Disciplinar da Universidade Federal do Paran\u00e1,&nbsp;<\/strong>no uso de suas atribui\u00e7\u00f5es, tendo em vista a compet\u00eancia que lhe \u00e9 conferida pela Portaria n\u00ba 593\/REITORIA, de 28 de agosto de 2017, o disposto no artigo 143 da Lei n\u00ba 8.112, de 11 de dezembro de 1990, nos artigos 19, 20 e 21 da Instru\u00e7\u00e3o Normativa CGU n\u00ba 14, de 14 de novembro de 2018, e o que consta no Processo 23075.023247\/2019-44\n\n<\/p>\n\n\n\n<p>RESOLVE:<\/p>\n\n\n\n<p>Designar as servidoras THAYS CRISTINA DOMARESKI RUIZ \u2014 2922261, Professora do Magist\u00e9rio Superior, lotada no Departamento de Turismo; e GIOVANA CANDIOTTO \u2014 2912539, Administradora, lotada na Diretoria Disciplinar da Universidade Federal do Paran\u00e1, para, sob a presid\u00eancia da primeira, constitu\u00edrem Comiss\u00e3o de Sindic\u00e2ncia Investigativa destinada a dar continuidade, no prazo de 30 (trinta) dias, aos trabalhos de apura\u00e7\u00e3o dos fatos de que trata o Processo 23075.023247\/2019-44, com o aproveitamento de todas as provas colhidas at\u00e9 o momento, bem como proceder ao exame dos atos e fatos conexos que emergirem no decorrer dos trabalhos.<\/p>\n\n\n\n<p style=\"text-align:right\">MANOEL ROBERTO SILVA DE SOUZA<\/p>\n\n\n\n<p style=\"text-align:right\">Diretor Disciplinar<\/p>\n","protected":false},"excerpt":{"rendered":"<p>Designar as servidoras THAYS CRISTINA DOMARESKI RUIZ \u2014 2922261, Professora do Magist\u00e9rio Superior, lotada no Departamento de Turismo; e GIOVANA CANDIOTTO \u2014 2912539, Administradora, lotada na Diretoria Disciplinar da Universidade Federal do Paran\u00e1, para, sob a presid\u00eancia da primeira, constitu\u00edrem Comiss\u00e3o de Sindic\u00e2ncia Investigativa destinada a dar continuidade, no prazo de 30 (trinta) dias, aos trabalhos de apura\u00e7\u00e3o dos fatos de que trata o Processo 23075.023247\/2019-44, com o aproveitamento de todas as provas colhidas at\u00e9 o momento, bem como proceder ao exame dos atos e fatos conexos que emergirem no decorrer dos trabalhos.  <!-- wp:paragraph {\"align\":\"right\"} \n\n<p \n\n","protected":false},"author":12,"featured_media":0,"comment_status":"closed","ping_status":"closed","sticky":false,"template":"","format":"standard","meta":{"_acf_changed":false,"iawp_total_views":0,"footnotes":""},"categories":[118],"tags":[132],"class_list":["post-51133","post","type-post","status-publish","format-standard","hentry","category-dd","tag-pad-sindicancia"],"acf":[],"_links":{"self":[{"href":"https:\/\/progepe.ufpr.br\/portarias\/wp-json\/wp\/v2\/posts\/51133","targetHints":{"allow":["GET"]}}],"collection":[{"href":"https:\/\/progepe.ufpr.br\/portarias\/wp-json\/wp\/v2\/posts"}],"about":[{"href":"https:\/\/progepe.ufpr.br\/portarias\/wp-json\/wp\/v2\/types\/post"}],"author":[{"embeddable":true,"href":"https:\/\/progepe.ufpr.br\/portarias\/wp-json\/wp\/v2\/users\/12"}],"replies":[{"embeddable":true,"href":"https:\/\/progepe.ufpr.br\/portarias\/wp-json\/wp\/v2\/comments?post=51133"}],"version-history":[{"count":2,"href":"https:\/\/progepe.ufpr.br\/portarias\/wp-json\/wp\/v2\/posts\/51133\/revisions"}],"predecessor-version":[{"id":195288,"href":"https:\/\/progepe.ufpr.br\/portarias\/wp-json\/wp\/v2\/posts\/51133\/revisions\/195288"}],"wp:attachment":[{"href":"https:\/\/progepe.ufpr.br\/portarias\/wp-json\/wp\/v2\/media?parent=51133"}],"wp:term":[{"taxonomy":"category","embeddable":true,"href":"https:\/\/progepe.ufpr.br\/portarias\/wp-json\/wp\/v2\/categories?post=51133"},{"taxonomy":"post_tag","embeddable":true,"href":"https:\/\/progepe.ufpr.br\/portarias\/wp-json\/wp\/v2\/tags?post=51133"}],"curies":[{"name":"wp","href":"https:\/\/api.w.org\/{rel}","templated":true}]}}