{"id":51214,"date":"2020-08-05T10:09:00","date_gmt":"2020-08-05T13:09:00","guid":{"rendered":"http:\/\/progepe.ufpr.br\/portal\/?post_type=portarias&#038;p=51214"},"modified":"2023-08-03T12:57:11","modified_gmt":"2023-08-03T15:57:11","slug":"progepe-2020-02225","status":"publish","type":"post","link":"https:\/\/progepe.ufpr.br\/portarias\/progepe-2020-02225\/","title":{"rendered":"PORTARIA N\u00ba 02225\/PROGEPE, DE 05 DE AGOSTO DE 2020"},"content":{"rendered":"\n<p><strong>A\u00a0Pr\u00f3-Reitora de Gest\u00e3o de Pessoas da Universidade Federal do Paran\u00e1, em exerc\u00edcio, <\/strong>no  uso de suas atribui\u00e7\u00f5es, tendo em vista a compet\u00eancia que lhe \u00e9  conferida pela Portaria n\u00ba 2.590, de 26 de setembro de 1997, de acordo  com o Art. 10, \u00a7 1\u00ba e 4\u00ba da Lei n\u00ba 11.091\/05; Art. 4\u00ba \u00a7 1\u00ba do Decreto n\u00ba  5.824\/06; Portaria MEC 09\/06; Portaria MEC 39\/11; Parecer MEC  50151\/2015\/DCC\/COLEP\/CGGP\/SAA; Portaria n\u00ba 18.908\/PROGEPE, de  16.08.2016; e, ainda o contido no processo n\u00ba 23075.037721\/2020-59, <\/p>\n\n\n\n<p>RESOLVE:<\/p>\n\n\n\n<p> Conceder progress\u00e3o por capacita\u00e7\u00e3o profissional \u00e0 servidora CYNTIA  NANCY WECOSKI \u2013 1438096, ocupante do cargo T\u00e9cnico de Laborat\u00f3rio \u00c1rea,  lotada na Se\u00e7\u00e3o de Coleta Interna de Amostra do Hospital de cl\u00ednicas, do  n\u00edvel D-03 para o D-04, padr\u00e3o de Vencimento 11, a partir de 13 de  julho de 2020, conforme Parecer da Unidade de An\u00e1lise de T\u00edtulos  (2825542), no processo n\u00ba 23075.037721\/2020-59. <\/p>\n\n\n\n<p style=\"text-align:right\"><strong>LANIA VIRGINIA BUSNELLO VAZ<\/strong><\/p>\n","protected":false},"excerpt":{"rendered":"<p>Conceder progress\u00e3o por capacita\u00e7\u00e3o profissional \u00e0 servidora CYNTIA NANCY WECOSKI \u2013 1438096, ocupante do cargo T\u00e9cnico de Laborat\u00f3rio \u00c1rea, lotada na Se\u00e7\u00e3o de Coleta Interna de Amostra do Hospital de cl\u00ednicas, do n\u00edvel D-03 para o D-04, padr\u00e3o de Vencimento 11, a partir de 13 de julho de 2020, conforme Parecer da Unidade de An\u00e1lise de T\u00edtulos (2825542), no processo n\u00ba 23075.037721\/2020-59.  <!-- wp:paragraph {\"align\":\"right\"} \n\n<p style=\"text-align:right\"><strong>LANIA VIRGINIA BUSNELLO VAZ<\/strong>\n<\/p>\n","protected":false},"author":48,"featured_media":0,"comment_status":"closed","ping_status":"closed","sticky":false,"template":"","format":"standard","meta":{"_acf_changed":false,"iawp_total_views":0,"footnotes":""},"categories":[116],"tags":[143],"class_list":["post-51214","post","type-post","status-publish","format-standard","hentry","category-progepe","tag-progressao-promocao"],"acf":[],"_links":{"self":[{"href":"https:\/\/progepe.ufpr.br\/portarias\/wp-json\/wp\/v2\/posts\/51214","targetHints":{"allow":["GET"]}}],"collection":[{"href":"https:\/\/progepe.ufpr.br\/portarias\/wp-json\/wp\/v2\/posts"}],"about":[{"href":"https:\/\/progepe.ufpr.br\/portarias\/wp-json\/wp\/v2\/types\/post"}],"author":[{"embeddable":true,"href":"https:\/\/progepe.ufpr.br\/portarias\/wp-json\/wp\/v2\/users\/48"}],"replies":[{"embeddable":true,"href":"https:\/\/progepe.ufpr.br\/portarias\/wp-json\/wp\/v2\/comments?post=51214"}],"version-history":[{"count":1,"href":"https:\/\/progepe.ufpr.br\/portarias\/wp-json\/wp\/v2\/posts\/51214\/revisions"}],"predecessor-version":[{"id":195301,"href":"https:\/\/progepe.ufpr.br\/portarias\/wp-json\/wp\/v2\/posts\/51214\/revisions\/195301"}],"wp:attachment":[{"href":"https:\/\/progepe.ufpr.br\/portarias\/wp-json\/wp\/v2\/media?parent=51214"}],"wp:term":[{"taxonomy":"category","embeddable":true,"href":"https:\/\/progepe.ufpr.br\/portarias\/wp-json\/wp\/v2\/categories?post=51214"},{"taxonomy":"post_tag","embeddable":true,"href":"https:\/\/progepe.ufpr.br\/portarias\/wp-json\/wp\/v2\/tags?post=51214"}],"curies":[{"name":"wp","href":"https:\/\/api.w.org\/{rel}","templated":true}]}}