{"id":51439,"date":"2020-08-07T05:05:00","date_gmt":"2020-08-07T08:05:00","guid":{"rendered":"http:\/\/progepe.ufpr.br\/portal\/?post_type=portarias&#038;p=51439"},"modified":"2023-08-03T13:20:10","modified_gmt":"2023-08-03T16:20:10","slug":"rt-2020-01254","status":"publish","type":"post","link":"https:\/\/progepe.ufpr.br\/portarias\/rt-2020-01254\/","title":{"rendered":"PORTARIA N\u00ba 01254\/REITORIA, DE 07 DE AGOSTO DE 2020"},"content":{"rendered":"\n<p><strong>A\nVice-Reitora da Universidade Federal do Paran\u00e1, no exerc\u00edcio do cargo de\nReitora, <\/strong>no uso de suas atribui\u00e7\u00f5es e tendo em vista o que consta no processo n\u00ba\n23075.041058\/2020-97,<\/p>\n\n\n\n<p>RESOLVE:<\/p>\n\n\n\n<p>Exonerar, a partir de 14 de agosto de 2020, a servidora\nSILVANA DE OLIVEIRA BORGES &#8211; 1458096, Assistente em Administra\u00e7\u00e3o, da Fun\u00e7\u00e3o\nGratificada, FG-1, de Chefe da Unidade de Apoio \u00e0 Gest\u00e3o Acad\u00eamica do Campus\nPontal do Paran\u00e1 &#8211; Centro de Estudos do Mar.<\/p>\n\n\n\n<p class=\"has-text-align-right\"><\/p>\n","protected":false},"excerpt":{"rendered":"<p>Exonerar, a partir de 14 de agosto de 2020, a servidora SILVANA DE OLIVEIRA BORGES &#8211; 1458096, Assistente em Administra\u00e7\u00e3o, da Fun\u00e7\u00e3o Gratificada, FG-1, de Chefe da Unidade de Apoio \u00e0 Gest\u00e3o Acad\u00eamica do Campus Pontal do Paran\u00e1 &#8211; Centro de Estudos do Mar.  <!-- wp:paragraph {\"align\":\"right\"} \n\n<p class=\"has-text-align-right\">\n<\/p>\n","protected":false},"author":49,"featured_media":0,"comment_status":"closed","ping_status":"open","sticky":false,"template":"","format":"standard","meta":{"_acf_changed":false,"iawp_total_views":4,"footnotes":""},"categories":[117],"tags":[120],"class_list":["post-51439","post","type-post","status-publish","format-standard","hentry","category-rt","tag-funcao"],"acf":[],"_links":{"self":[{"href":"https:\/\/progepe.ufpr.br\/portarias\/wp-json\/wp\/v2\/posts\/51439","targetHints":{"allow":["GET"]}}],"collection":[{"href":"https:\/\/progepe.ufpr.br\/portarias\/wp-json\/wp\/v2\/posts"}],"about":[{"href":"https:\/\/progepe.ufpr.br\/portarias\/wp-json\/wp\/v2\/types\/post"}],"author":[{"embeddable":true,"href":"https:\/\/progepe.ufpr.br\/portarias\/wp-json\/wp\/v2\/users\/49"}],"replies":[{"embeddable":true,"href":"https:\/\/progepe.ufpr.br\/portarias\/wp-json\/wp\/v2\/comments?post=51439"}],"version-history":[{"count":3,"href":"https:\/\/progepe.ufpr.br\/portarias\/wp-json\/wp\/v2\/posts\/51439\/revisions"}],"predecessor-version":[{"id":124970,"href":"https:\/\/progepe.ufpr.br\/portarias\/wp-json\/wp\/v2\/posts\/51439\/revisions\/124970"}],"wp:attachment":[{"href":"https:\/\/progepe.ufpr.br\/portarias\/wp-json\/wp\/v2\/media?parent=51439"}],"wp:term":[{"taxonomy":"category","embeddable":true,"href":"https:\/\/progepe.ufpr.br\/portarias\/wp-json\/wp\/v2\/categories?post=51439"},{"taxonomy":"post_tag","embeddable":true,"href":"https:\/\/progepe.ufpr.br\/portarias\/wp-json\/wp\/v2\/tags?post=51439"}],"curies":[{"name":"wp","href":"https:\/\/api.w.org\/{rel}","templated":true}]}}