{"id":51443,"date":"2020-08-07T05:06:00","date_gmt":"2020-08-07T08:06:00","guid":{"rendered":"http:\/\/progepe.ufpr.br\/portal\/?post_type=portarias&#038;p=51443"},"modified":"2023-08-03T13:20:10","modified_gmt":"2023-08-03T16:20:10","slug":"rt-2020-01255","status":"publish","type":"post","link":"https:\/\/progepe.ufpr.br\/portarias\/rt-2020-01255\/","title":{"rendered":"PORTARIA N\u00ba 01255\/REITORIA, DE 07 DE AGOSTO DE 2020"},"content":{"rendered":"\n<p><strong>A Vice-Reitora da Universidade Federal do Paran\u00e1, no exerc\u00edcio do cargo\nde Reitora, <\/strong>no uso de suas atribui\u00e7\u00f5es e tendo em vista o que consta\nno processo n\u00ba 23075.041058\/2020-97,<\/p>\n\n\n\n<p>RESOLVE:<\/p>\n\n\n\n<p>Cessar, a partir de 14 de agosto de 2020, os efeitos da\nPortaria n\u00ba 1.031\/REITORIA, de 27 de maio de 2020, publicada no DOU de\n28.05.2020, Se\u00e7\u00e3o 2, p\u00e1g. 24, referente \u00e0 designa\u00e7\u00e3o da servidora PAMELA KELLY TISSEI &#8211; 3151870, ocupante do cargo de Assistente em Administra\u00e7\u00e3o, como\nsubstituta eventual da servidora SILVANA\nDE OLIVEIRA BORGES &#8211; 1458096, na Fun\u00e7\u00e3o Gratificada, FG-1, de Chefe da Unidade de Apoio \u00e0 Gest\u00e3o\nAcad\u00eamica do Campus Pontal do Paran\u00e1 &#8211; Centro de Estudos do Mar, tendo em vista o que consta na Portaria n\u00ba 1.254\/REITORIA,\nde 07 de agosto de 2020.<\/p>\n\n\n\n<p style=\"text-align:right\">Graciela Ines\nBolzon de Muniz<\/p>\n","protected":false},"excerpt":{"rendered":"<p>Cessar, a partir de 14 de agosto de 2020, os efeitos da Portaria n\u00ba 1.031\/REITORIA, de 27 de maio de 2020, publicada no DOU de 28.05.2020, Se\u00e7\u00e3o 2, p\u00e1g. 24, referente \u00e0 designa\u00e7\u00e3o da servidora PAMELA KELLY TISSEI &#8211; 3151870, ocupante do cargo de Assistente em Administra\u00e7\u00e3o, como substituta eventual da servidora SILVANA DE OLIVEIRA BORGES &#8211; 1458096, na Fun\u00e7\u00e3o Gratificada, FG-1, de Chefe da Unidade de Apoio \u00e0 Gest\u00e3o Acad\u00eamica do Campus Pontal do Paran\u00e1 &#8211; Centro de Estudos do Mar, tendo em vista o que consta na Portaria n\u00ba 1.254\/REITORIA, de 07 de agosto de 2020.<\/p>\n","protected":false},"author":49,"featured_media":0,"comment_status":"closed","ping_status":"closed","sticky":false,"template":"","format":"standard","meta":{"_acf_changed":false,"iawp_total_views":1,"footnotes":""},"categories":[117],"tags":[120],"class_list":["post-51443","post","type-post","status-publish","format-standard","hentry","category-rt","tag-funcao"],"acf":[],"_links":{"self":[{"href":"https:\/\/progepe.ufpr.br\/portarias\/wp-json\/wp\/v2\/posts\/51443","targetHints":{"allow":["GET"]}}],"collection":[{"href":"https:\/\/progepe.ufpr.br\/portarias\/wp-json\/wp\/v2\/posts"}],"about":[{"href":"https:\/\/progepe.ufpr.br\/portarias\/wp-json\/wp\/v2\/types\/post"}],"author":[{"embeddable":true,"href":"https:\/\/progepe.ufpr.br\/portarias\/wp-json\/wp\/v2\/users\/49"}],"replies":[{"embeddable":true,"href":"https:\/\/progepe.ufpr.br\/portarias\/wp-json\/wp\/v2\/comments?post=51443"}],"version-history":[{"count":1,"href":"https:\/\/progepe.ufpr.br\/portarias\/wp-json\/wp\/v2\/posts\/51443\/revisions"}],"predecessor-version":[{"id":195335,"href":"https:\/\/progepe.ufpr.br\/portarias\/wp-json\/wp\/v2\/posts\/51443\/revisions\/195335"}],"wp:attachment":[{"href":"https:\/\/progepe.ufpr.br\/portarias\/wp-json\/wp\/v2\/media?parent=51443"}],"wp:term":[{"taxonomy":"category","embeddable":true,"href":"https:\/\/progepe.ufpr.br\/portarias\/wp-json\/wp\/v2\/categories?post=51443"},{"taxonomy":"post_tag","embeddable":true,"href":"https:\/\/progepe.ufpr.br\/portarias\/wp-json\/wp\/v2\/tags?post=51443"}],"curies":[{"name":"wp","href":"https:\/\/api.w.org\/{rel}","templated":true}]}}