{"id":51470,"date":"2020-08-10T10:02:00","date_gmt":"2020-08-10T13:02:00","guid":{"rendered":"http:\/\/progepe.ufpr.br\/portal\/?post_type=portarias&#038;p=51470"},"modified":"2023-08-03T12:57:14","modified_gmt":"2023-08-03T15:57:14","slug":"progepe-2020-02252","status":"publish","type":"post","link":"https:\/\/progepe.ufpr.br\/portarias\/progepe-2020-02252\/","title":{"rendered":"PORTARIA N\u00ba 02252\/PROGEPE, DE 10 DE AGOSTO DE 2020"},"content":{"rendered":"\n<p><strong>O Pr\u00f3-Reitor\u00a0de Gest\u00e3o de Pessoas da Universidade Federal do Paran\u00e1, <\/strong>no  uso de suas atribui\u00e7\u00f5es, tendo em vista a compet\u00eancia que lhe \u00e9  conferida pela Portaria n\u00ba 2.590, de 26 de setembro de 1997; o que  consta na Resolu\u00e7\u00e3o n\u00ba 21\/08-COPLAD; e, o contido no processo n\u00ba  23075.026229\/2020-58, <\/p>\n\n\n\n<p>RESOLVE:<\/p>\n\n\n\n<p>Retificar a Portaria 2.024\/PROGEPE, de 07 \nde julho de 2020, que concedeu&nbsp;progress\u00e3o funcional ao DANIEL WUNDER \nHACHEM &#8211; 1932067, lotado no Departamento de Direito P\u00fablico do Setor de \nCi\u00eancias Jur\u00eddicas:<\/p>\n\n\n\n<p>Onde se l\u00ea:do n\u00edvel 6-02 para o n\u00edvel 6-03 da classe C &#8211; Adjunto<\/p>\n\n\n\n<p>Leia-se:do n\u00edvel 6-03\u00a0para o n\u00edvel 6-04\u00a0da classe C &#8211; Adjunto<\/p>\n\n\n\n<p style=\"text-align:right\"><strong>DOUGLAS ORTIZ HAMERMULLER<\/strong><\/p>\n","protected":false},"excerpt":{"rendered":"<p>Retificar a Portaria 2.024\/PROGEPE, de 07 de julho de 2020, que concedeu&nbsp;progress\u00e3o funcional ao DANIEL WUNDER HACHEM &#8211; 1932067, lotado no Departamento de Direito P\u00fablico do Setor de Ci\u00eancias Jur\u00eddicas:  Onde se l\u00ea:do n\u00edvel 6-02 para o n\u00edvel 6-03 da classe C &#8211; Adjunto  Leia-se:do n\u00edvel 6-03\u00a0para o n\u00edvel 6-04\u00a0da classe C &#8211; Adjunto  <!-- wp:paragraph {\"align\":\"right\"} \n\n<p style=\"text-align:right\"><strong>DOUGLAS ORTIZ HAMERMULLER<\/strong>\n<\/p>\n","protected":false},"author":48,"featured_media":0,"comment_status":"closed","ping_status":"closed","sticky":false,"template":"","format":"standard","meta":{"_acf_changed":false,"iawp_total_views":0,"footnotes":""},"categories":[116],"tags":[143],"class_list":["post-51470","post","type-post","status-publish","format-standard","hentry","category-progepe","tag-progressao-promocao"],"acf":[],"_links":{"self":[{"href":"https:\/\/progepe.ufpr.br\/portarias\/wp-json\/wp\/v2\/posts\/51470","targetHints":{"allow":["GET"]}}],"collection":[{"href":"https:\/\/progepe.ufpr.br\/portarias\/wp-json\/wp\/v2\/posts"}],"about":[{"href":"https:\/\/progepe.ufpr.br\/portarias\/wp-json\/wp\/v2\/types\/post"}],"author":[{"embeddable":true,"href":"https:\/\/progepe.ufpr.br\/portarias\/wp-json\/wp\/v2\/users\/48"}],"replies":[{"embeddable":true,"href":"https:\/\/progepe.ufpr.br\/portarias\/wp-json\/wp\/v2\/comments?post=51470"}],"version-history":[{"count":1,"href":"https:\/\/progepe.ufpr.br\/portarias\/wp-json\/wp\/v2\/posts\/51470\/revisions"}],"predecessor-version":[{"id":195337,"href":"https:\/\/progepe.ufpr.br\/portarias\/wp-json\/wp\/v2\/posts\/51470\/revisions\/195337"}],"wp:attachment":[{"href":"https:\/\/progepe.ufpr.br\/portarias\/wp-json\/wp\/v2\/media?parent=51470"}],"wp:term":[{"taxonomy":"category","embeddable":true,"href":"https:\/\/progepe.ufpr.br\/portarias\/wp-json\/wp\/v2\/categories?post=51470"},{"taxonomy":"post_tag","embeddable":true,"href":"https:\/\/progepe.ufpr.br\/portarias\/wp-json\/wp\/v2\/tags?post=51470"}],"curies":[{"name":"wp","href":"https:\/\/api.w.org\/{rel}","templated":true}]}}