{"id":51600,"date":"2020-08-12T20:01:00","date_gmt":"2020-08-12T23:01:00","guid":{"rendered":"http:\/\/progepe.ufpr.br\/portal\/?post_type=portarias&#038;p=51600"},"modified":"2023-08-03T11:03:15","modified_gmt":"2023-08-03T14:03:15","slug":"dd-2020-00668","status":"publish","type":"post","link":"https:\/\/progepe.ufpr.br\/portarias\/dd-2020-00668\/","title":{"rendered":"PORTARIA N\u00ba 00668\/DD, DE 12 DE AGOSTO DE 2020"},"content":{"rendered":"\n<p><strong>O Diretor Disciplinar da Universidade Federal do Paran\u00e1,&nbsp;<\/strong>no uso de suas atribui\u00e7\u00f5es, tendo em vista a compet\u00eancia que lhe \u00e9 conferida pela Portaria n\u00ba 593\/REITORIA, de 28 de agosto de 2017, o disposto no artigo 143 da Lei n\u00ba 8.112, de 11 de dezembro de 1990, nos artigos 19, 20 e 21 da Instru\u00e7\u00e3o Normativa CGU n\u00ba 14, de 14 de novembro de 2018, e o que consta no Processo 23075.028821\/2020-94,\n\n<\/p>\n\n\n\n<p>RESOLVE:<\/p>\n\n\n\n<p>I.&nbsp;Substituir a servidora SARITA PAVIN \u2014 0342829, Assistente em Administra\u00e7\u00e3o, lotada na Unidade de Apoio Administrativo do Setor de Ci\u00eancias da Terra, pela servidora MARIANA ROSA MILANEZ \u2014 2127179, Assistente em Administra\u00e7\u00e3o, lotada na Unidade de Apoio Administrativo do Setor de Ci\u00eancias Agr\u00e1rias, como Presidente da Comiss\u00e3o de Sindic\u00e2ncia Investigativa designada pela Portaria n\u00ba 661\/DD, de 30 de julho de 2020.<\/p>\n\n\n\n<p>II.&nbsp;Substituir o servidor JULIAN VOSGERAU \u2014 2263332, Assistente em Administra\u00e7\u00e3o, lotado na Unidade de Apoio Administrativo do Setor de Ci\u00eancias Biol\u00f3gicas, pela servidora ANDREZA APARECIDA CAVALHEIRO \u2014 2225338, Assistente em Administra\u00e7\u00e3o, lotada no Departamento de Comunica\u00e7\u00e3o Social do Setor de Artes, Comunica\u00e7\u00e3o e Design, como membro da Comiss\u00e3o de Sindic\u00e2ncia Investigativa designada pela Portaria n\u00ba 661\/DD, de 30 de julho de 2020.<\/p>\n\n\n\n<p style=\"text-align:right\">MANOEL ROBERTO SILVA DE SOUZA<\/p>\n\n\n\n<p style=\"text-align:right\">Diretor Disciplinar<\/p>\n","protected":false},"excerpt":{"rendered":"<p>I.&nbsp;Substituir a servidora SARITA PAVIN \u2014 0342829, Assistente em Administra\u00e7\u00e3o, lotada na Unidade de Apoio Administrativo do Setor de Ci\u00eancias da Terra, pela servidora MARIANA ROSA MILANEZ \u2014 2127179, Assistente em Administra\u00e7\u00e3o, lotada na Unidade de Apoio Administrativo do Setor de Ci\u00eancias Agr\u00e1rias, como Presidente da Comiss\u00e3o de Sindic\u00e2ncia Investigativa designada pela Portaria n\u00ba 661\/DD, de 30 de julho de 2020.  II.&nbsp;Substituir o servidor JULIAN VOSGERAU \u2014 2263332, Assistente em Administra\u00e7\u00e3o, lotado na Unidade de Apoio Administrativo do Setor de Ci\u00eancias Biol\u00f3gicas, pela servidora ANDREZA APARECIDA CAVALHEIRO \u2014 2225338, Assistente em Administra\u00e7\u00e3o, lotada no Departamento de Comunica\u00e7\u00e3o<\/p>\n","protected":false},"author":12,"featured_media":0,"comment_status":"closed","ping_status":"closed","sticky":false,"template":"","format":"standard","meta":{"_acf_changed":false,"iawp_total_views":0,"footnotes":""},"categories":[118],"tags":[132],"class_list":["post-51600","post","type-post","status-publish","format-standard","hentry","category-dd","tag-pad-sindicancia"],"acf":[],"_links":{"self":[{"href":"https:\/\/progepe.ufpr.br\/portarias\/wp-json\/wp\/v2\/posts\/51600","targetHints":{"allow":["GET"]}}],"collection":[{"href":"https:\/\/progepe.ufpr.br\/portarias\/wp-json\/wp\/v2\/posts"}],"about":[{"href":"https:\/\/progepe.ufpr.br\/portarias\/wp-json\/wp\/v2\/types\/post"}],"author":[{"embeddable":true,"href":"https:\/\/progepe.ufpr.br\/portarias\/wp-json\/wp\/v2\/users\/12"}],"replies":[{"embeddable":true,"href":"https:\/\/progepe.ufpr.br\/portarias\/wp-json\/wp\/v2\/comments?post=51600"}],"version-history":[{"count":2,"href":"https:\/\/progepe.ufpr.br\/portarias\/wp-json\/wp\/v2\/posts\/51600\/revisions"}],"predecessor-version":[{"id":195348,"href":"https:\/\/progepe.ufpr.br\/portarias\/wp-json\/wp\/v2\/posts\/51600\/revisions\/195348"}],"wp:attachment":[{"href":"https:\/\/progepe.ufpr.br\/portarias\/wp-json\/wp\/v2\/media?parent=51600"}],"wp:term":[{"taxonomy":"category","embeddable":true,"href":"https:\/\/progepe.ufpr.br\/portarias\/wp-json\/wp\/v2\/categories?post=51600"},{"taxonomy":"post_tag","embeddable":true,"href":"https:\/\/progepe.ufpr.br\/portarias\/wp-json\/wp\/v2\/tags?post=51600"}],"curies":[{"name":"wp","href":"https:\/\/api.w.org\/{rel}","templated":true}]}}