{"id":51623,"date":"2020-08-12T05:02:00","date_gmt":"2020-08-12T08:02:00","guid":{"rendered":"http:\/\/progepe.ufpr.br\/portal\/?post_type=portarias&#038;p=51623"},"modified":"2023-08-03T13:20:11","modified_gmt":"2023-08-03T16:20:11","slug":"rt-2020-01264","status":"publish","type":"post","link":"https:\/\/progepe.ufpr.br\/portarias\/rt-2020-01264\/","title":{"rendered":"PORTARIA N\u00ba 01264\/REITORIA, DE 12 DE AGOSTO DE 2020"},"content":{"rendered":"\n<p><strong>A Vice-Reitora da Universidade Federal do Paran\u00e1, no exerc\u00edcio do cargo de Reitora, <\/strong>no uso de suas atribui\u00e7\u00f5es, tendo em vista o que consta no artigo 39 do Estatuto desta Universidade e o contido no processo n\u00ba 23075.035299\/2020-05, <\/p>\n\n\n\n<p>RESOLVE: <\/p>\n\n\n\n<p>I.&nbsp;Nomear a servidora ANA CLAUDIA URBAN&nbsp;&#8211;\n1998928, ocupante do cargo de Professora, no regime de trabalho de dedica\u00e7\u00e3o\nexclusiva, para exercer a fun\u00e7\u00e3o de Suplente do Chefe do Departamento de Teoria\ne Pr\u00e1tica de Ensino do Setor de Educa\u00e7\u00e3o.<\/p>\n\n\n\n<p>II.&nbsp;O mandato ser\u00e1 de 02 (dois) anos, a partir\nda data de publica\u00e7\u00e3o em DOU da portaria de nomea\u00e7\u00e3o do(a) titular.<\/p>\n\n\n\n<p>III.&nbsp;Nos impedimentos do(a) Chefe, a\nmencionada docente cumprir\u00e1, obrigatoriamente, o regime de trabalho de tempo\nintegral, de acordo com o disposto no \u00a7 5\u00ba, artigo 1\u00ba da Lei n\u00ba 8.168\/91.<\/p>\n\n\n\n<p style=\"text-align:right\"><strong>GRACIELA INES BOLZON DE MUNIZ<\/strong><\/p>\n","protected":false},"excerpt":{"rendered":"<p>A Vice-Reitora da Universidade Federal do Paran\u00e1, no exerc\u00edcio do cargo de Reitora, no uso de suas atribui\u00e7\u00f5es, tendo em vista o que consta no artigo 39 do Estatuto desta Universidade e o contido no processo n\u00ba 23075.035299\/2020-05, RESOLVE: I.&nbsp;Nomear a servidora ANA CLAUDIA URBAN&nbsp;&#8211; 1998928, ocupante do cargo de Professora, no regime de trabalho [&hellip;]<\/p>\n","protected":false},"author":50,"featured_media":0,"comment_status":"closed","ping_status":"closed","sticky":false,"template":"","format":"standard","meta":{"_acf_changed":false,"iawp_total_views":0,"footnotes":""},"categories":[117],"tags":[120],"class_list":["post-51623","post","type-post","status-publish","format-standard","hentry","category-rt","tag-funcao"],"acf":[],"_links":{"self":[{"href":"https:\/\/progepe.ufpr.br\/portarias\/wp-json\/wp\/v2\/posts\/51623","targetHints":{"allow":["GET"]}}],"collection":[{"href":"https:\/\/progepe.ufpr.br\/portarias\/wp-json\/wp\/v2\/posts"}],"about":[{"href":"https:\/\/progepe.ufpr.br\/portarias\/wp-json\/wp\/v2\/types\/post"}],"author":[{"embeddable":true,"href":"https:\/\/progepe.ufpr.br\/portarias\/wp-json\/wp\/v2\/users\/50"}],"replies":[{"embeddable":true,"href":"https:\/\/progepe.ufpr.br\/portarias\/wp-json\/wp\/v2\/comments?post=51623"}],"version-history":[{"count":1,"href":"https:\/\/progepe.ufpr.br\/portarias\/wp-json\/wp\/v2\/posts\/51623\/revisions"}],"predecessor-version":[{"id":195351,"href":"https:\/\/progepe.ufpr.br\/portarias\/wp-json\/wp\/v2\/posts\/51623\/revisions\/195351"}],"wp:attachment":[{"href":"https:\/\/progepe.ufpr.br\/portarias\/wp-json\/wp\/v2\/media?parent=51623"}],"wp:term":[{"taxonomy":"category","embeddable":true,"href":"https:\/\/progepe.ufpr.br\/portarias\/wp-json\/wp\/v2\/categories?post=51623"},{"taxonomy":"post_tag","embeddable":true,"href":"https:\/\/progepe.ufpr.br\/portarias\/wp-json\/wp\/v2\/tags?post=51623"}],"curies":[{"name":"wp","href":"https:\/\/api.w.org\/{rel}","templated":true}]}}