{"id":51692,"date":"2020-08-13T10:04:00","date_gmt":"2020-08-13T13:04:00","guid":{"rendered":"http:\/\/progepe.ufpr.br\/portal\/?post_type=portarias&#038;p=51692"},"modified":"2023-08-03T12:57:18","modified_gmt":"2023-08-03T15:57:18","slug":"progepe-2020-02285","status":"publish","type":"post","link":"https:\/\/progepe.ufpr.br\/portarias\/progepe-2020-02285\/","title":{"rendered":"PORTARIA N\u00ba 02285\/PROGEPE, DE 13 DE AGOSTO DE 2020"},"content":{"rendered":"\n<p><strong>O Pr\u00f3-Reitor de Gest\u00e3o de Pessoas da Universidade Federal do Paran\u00e1,<\/strong>  no uso de suas atribui\u00e7\u00f5es, tendo em vista a compet\u00eancia que lhe \u00e9  conferida pela Portaria n\u00ba 2.590, de 26 de setembro de 1997 e  considerando o que consta no processo n\u00ba 23075.110338\/2009-47, <\/p>\n\n\n\n<p>RESOLVE:<\/p>\n\n\n\n<p>Tornar sem efeito a Portaria n\u00ba  4.717\/PROGEPE, de 12 de fevereiro de 2010, que averbou tempo de em favor  do servidor\u00a0FABIAN CALIXTO FRAIZ <strong>\u2013\u00a0<\/strong>342953, ocupante do  cargo de Professor do Magist\u00e9rio Superior, lotado no Departamento de  Estomatologia do Setor de Ci\u00eancias da Sa\u00fade.<\/p>\n\n\n\n<p style=\"text-align:right\"><strong>DOUGLAS ORTIZ HAMERMULLER<\/strong><\/p>\n\n\n\n<hr class=\"wp-block-separator\" \/>\n","protected":false},"excerpt":{"rendered":"<p>Tornar sem efeito a Portaria n\u00ba 4.717\/PROGEPE, de 12 de fevereiro de 2010, que averbou tempo de em favor do servidor\u00a0FABIAN CALIXTO FRAIZ <strong>\u2013\u00a0<\/strong>342953, ocupante do cargo de Professor do Magist\u00e9rio Superior, lotado no Departamento de Estomatologia do Setor de Ci\u00eancias da Sa\u00fade.  <!-- wp:paragraph {\"align\":\"right\"} \n\n<p style=\"text-align:right\"><strong>DOUGLAS ORTIZ HAMERMULLER<\/strong>  <!-- wp:separator \n\n<hr class=\"wp-block-separator\" \/> <!-- \/wp:separator\n<\/p>\n","protected":false},"author":48,"featured_media":0,"comment_status":"closed","ping_status":"closed","sticky":false,"template":"","format":"standard","meta":{"_acf_changed":false,"iawp_total_views":0,"footnotes":""},"categories":[116],"tags":[140],"class_list":["post-51692","post","type-post","status-publish","format-standard","hentry","category-progepe","tag-averbacao-desaverbacao"],"acf":[],"_links":{"self":[{"href":"https:\/\/progepe.ufpr.br\/portarias\/wp-json\/wp\/v2\/posts\/51692","targetHints":{"allow":["GET"]}}],"collection":[{"href":"https:\/\/progepe.ufpr.br\/portarias\/wp-json\/wp\/v2\/posts"}],"about":[{"href":"https:\/\/progepe.ufpr.br\/portarias\/wp-json\/wp\/v2\/types\/post"}],"author":[{"embeddable":true,"href":"https:\/\/progepe.ufpr.br\/portarias\/wp-json\/wp\/v2\/users\/48"}],"replies":[{"embeddable":true,"href":"https:\/\/progepe.ufpr.br\/portarias\/wp-json\/wp\/v2\/comments?post=51692"}],"version-history":[{"count":1,"href":"https:\/\/progepe.ufpr.br\/portarias\/wp-json\/wp\/v2\/posts\/51692\/revisions"}],"predecessor-version":[{"id":195359,"href":"https:\/\/progepe.ufpr.br\/portarias\/wp-json\/wp\/v2\/posts\/51692\/revisions\/195359"}],"wp:attachment":[{"href":"https:\/\/progepe.ufpr.br\/portarias\/wp-json\/wp\/v2\/media?parent=51692"}],"wp:term":[{"taxonomy":"category","embeddable":true,"href":"https:\/\/progepe.ufpr.br\/portarias\/wp-json\/wp\/v2\/categories?post=51692"},{"taxonomy":"post_tag","embeddable":true,"href":"https:\/\/progepe.ufpr.br\/portarias\/wp-json\/wp\/v2\/tags?post=51692"}],"curies":[{"name":"wp","href":"https:\/\/api.w.org\/{rel}","templated":true}]}}