{"id":52026,"date":"2020-08-18T10:25:00","date_gmt":"2020-08-18T13:25:00","guid":{"rendered":"http:\/\/progepe.ufpr.br\/portal\/?post_type=portarias&#038;p=52026"},"modified":"2023-08-03T12:57:26","modified_gmt":"2023-08-03T15:57:26","slug":"progepe-2020-02342","status":"publish","type":"post","link":"https:\/\/progepe.ufpr.br\/portarias\/progepe-2020-02342\/","title":{"rendered":"PORTARIA N\u00ba 02342\/PROGEPE, DE 18 DE AGOSTO DE 2020"},"content":{"rendered":"\n<p><strong>O Pr\u00f3-Reitor de Gest\u00e3o de Pessoas da Universidade Federal do Paran\u00e1, <\/strong>no  uso de suas atribui\u00e7\u00f5es, tendo em vista a compet\u00eancia que lhe \u00e9  conferida pela Portaria n\u00ba 2.590, de 26 de setembro de 1997 e  considerando o contido no Art. 20 da Lei n\u00ba 8.112\/90, Resolu\u00e7\u00e3o n\u00ba  002\/00-COPLAD; e, ainda o contido no processo n\u00ba 23075.029370\/2020-11, <\/p>\n\n\n\n<p>RESOLVE:<\/p>\n\n\n\n<p> Homologar o resultado da avalia\u00e7\u00e3o de est\u00e1gio probat\u00f3rio do servidor  MARCIO GRANDE CARSTENS &#8211; 2602206, ocupante do cargo de M\u00e9dico \u00c1rea,  lotado na Se\u00e7\u00e3o Anestesiologia do Hospital de Cl\u00ednicas, aprovado no  citado est\u00e1gio com 100 (cem pontos). <\/p>\n\n\n\n<p style=\"text-align:right\"><strong>DOUGLAS ORTIZ HAMERMULLER<\/strong><\/p>\n","protected":false},"excerpt":{"rendered":"<p>Homologar o resultado da avalia\u00e7\u00e3o de est\u00e1gio probat\u00f3rio do servidor MARCIO GRANDE CARSTENS &#8211; 2602206, ocupante do cargo de M\u00e9dico \u00c1rea, lotado na Se\u00e7\u00e3o Anestesiologia do Hospital de Cl\u00ednicas, aprovado no citado est\u00e1gio com 100 (cem pontos).  <!-- wp:paragraph {\"align\":\"right\"} \n\n<p style=\"text-align:right\"><strong>DOUGLAS ORTIZ HAMERMULLER<\/strong>\n<\/p>\n","protected":false},"author":48,"featured_media":0,"comment_status":"closed","ping_status":"closed","sticky":false,"template":"","format":"standard","meta":{"_acf_changed":false,"iawp_total_views":0,"footnotes":""},"categories":[116],"tags":[136],"class_list":["post-52026","post","type-post","status-publish","format-standard","hentry","category-progepe","tag-estagio-probatorio"],"acf":[],"_links":{"self":[{"href":"https:\/\/progepe.ufpr.br\/portarias\/wp-json\/wp\/v2\/posts\/52026","targetHints":{"allow":["GET"]}}],"collection":[{"href":"https:\/\/progepe.ufpr.br\/portarias\/wp-json\/wp\/v2\/posts"}],"about":[{"href":"https:\/\/progepe.ufpr.br\/portarias\/wp-json\/wp\/v2\/types\/post"}],"author":[{"embeddable":true,"href":"https:\/\/progepe.ufpr.br\/portarias\/wp-json\/wp\/v2\/users\/48"}],"replies":[{"embeddable":true,"href":"https:\/\/progepe.ufpr.br\/portarias\/wp-json\/wp\/v2\/comments?post=52026"}],"version-history":[{"count":1,"href":"https:\/\/progepe.ufpr.br\/portarias\/wp-json\/wp\/v2\/posts\/52026\/revisions"}],"predecessor-version":[{"id":195411,"href":"https:\/\/progepe.ufpr.br\/portarias\/wp-json\/wp\/v2\/posts\/52026\/revisions\/195411"}],"wp:attachment":[{"href":"https:\/\/progepe.ufpr.br\/portarias\/wp-json\/wp\/v2\/media?parent=52026"}],"wp:term":[{"taxonomy":"category","embeddable":true,"href":"https:\/\/progepe.ufpr.br\/portarias\/wp-json\/wp\/v2\/categories?post=52026"},{"taxonomy":"post_tag","embeddable":true,"href":"https:\/\/progepe.ufpr.br\/portarias\/wp-json\/wp\/v2\/tags?post=52026"}],"curies":[{"name":"wp","href":"https:\/\/api.w.org\/{rel}","templated":true}]}}