{"id":52103,"date":"2020-08-19T10:00:00","date_gmt":"2020-08-19T13:00:00","guid":{"rendered":"http:\/\/progepe.ufpr.br\/portal\/?post_type=portarias&#038;p=52103"},"modified":"2023-08-03T12:57:26","modified_gmt":"2023-08-03T15:57:26","slug":"progepe-2020-02345","status":"publish","type":"post","link":"https:\/\/progepe.ufpr.br\/portarias\/progepe-2020-02345\/","title":{"rendered":"PORTARIA N\u00ba 02345\/PROGEPE, DE 19 DE AGOSTO DE 2020"},"content":{"rendered":"\r\n<p><strong>O Pr\u00f3-Reitor de Gest\u00e3o de Pessoas da Universidade Federal do Paran\u00e1,<\/strong> no uso de suas atribui\u00e7\u00f5es, tendo em vista a compet\u00eancia que lhe \u00e9 conferida pela Portaria n\u00ba 2.590, de 26 de setembro de 1997; o que consta no Art. 103 da Lei n\u00ba 8.112\/90; e, o contido no processo n\u00ba 23075.042370\/2020-06,<\/p>\r\n\r\n\r\n\r\n<p>RESOLVE:<\/p>\r\n\r\n\r\n\r\n<p>Averbar, a partir de 11 de agosto de 2020, em favor da servidora CARMEN ELIZABETH KALINOWSKI &#8211; 342672, ocupante do cargo de Professora do Magist\u00e9rio Superior, lotada no Departamento de Enfermagem do Setor de Ci\u00eancias da Sa\u00fade, o tempo de servi\u00e7o conforme listado abaixo, para fins de aposentadoria e disponibilidade:<\/p>\r\n\r\n\r\n\r\n<table class=\"wp-block-table\">\r\n<tbody>\r\n<tr>\r\n<td>EMPRESA<\/td>\r\n<td>PER\u00cdODO<\/td>\r\n<td>TOTAL DE DIAS<\/td>\r\n<\/tr>\r\n<tr>\r\n<td>Col\u00e9gio Estadual Prietto Martinez<\/td>\r\n<td>01\/08\/1971 a 31\/12\/1972<\/td>\r\n<td>519<\/td>\r\n<\/tr>\r\n<tr>\r\n<td>Escola Dr. Caetano Munhoz da Rocha<\/td>\r\n<td>01\/05\/1978 a 31\/10\/1979<\/td>\r\n<td>549<\/td>\r\n<\/tr>\r\n<\/tbody>\r\n<\/table>\r\n\r\n\r\n\r\n<p style=\"text-align: right\">Douglas Ortiz Hamermuller<\/p>\r\n","protected":false},"excerpt":{"rendered":"<p>Averbar, a partir de 11 de agosto de 2020, em favor da servidora CARMEN ELIZABETH KALINOWSKI &#8211; 342672, ocupante do cargo de Professora do Magist\u00e9rio Superior, lotada no Departamento de Enfermagem do Setor de Ci\u00eancias da Sa\u00fade, o tempo de servi\u00e7o conforme listado abaixo, para fins de aposentadoria e disponibilidade:   <!-- wp:table  \n\n<table class=\"wp-block-table\"> \n\n<tbody> \n\n<tr> \n\n<td>EMPRESA<\/td>\n\n \n\n<td>PER\u00cdODO<\/td>\n\n \n\n<td>TOTAL DE DIAS<\/td>\n\n <\/tr>\n\n \n\n<tr> \n\n<td>Col\u00e9gio Estadual Prietto Martinez<\/td>\n\n \n\n<td>01\/08\/1971 a 31\/12\/1972<\/td>\n\n \n\n<td>519<\/td>\n\n <\/tr>\n\n \n\n<tr> \n\n<td>Escola Dr. Caetano Munhoz da Rocha<\/td>\n\n \n\n<td>01\/05\/1978 a 31\/10\/1979<\/td>\n\n \n\n<td>549<\/td>\n\n <\/tr>\n\n <\/tbody>\n\n <\/table>\n\n <!-- \/wp:table   <!-- wp:paragraph {\"align\":\"right\"}\n<\/p>\n","protected":false},"author":49,"featured_media":0,"comment_status":"closed","ping_status":"closed","sticky":false,"template":"","format":"standard","meta":{"_acf_changed":false,"iawp_total_views":0,"footnotes":""},"categories":[116],"tags":[140],"class_list":["post-52103","post","type-post","status-publish","format-standard","hentry","category-progepe","tag-averbacao-desaverbacao"],"acf":[],"_links":{"self":[{"href":"https:\/\/progepe.ufpr.br\/portarias\/wp-json\/wp\/v2\/posts\/52103","targetHints":{"allow":["GET"]}}],"collection":[{"href":"https:\/\/progepe.ufpr.br\/portarias\/wp-json\/wp\/v2\/posts"}],"about":[{"href":"https:\/\/progepe.ufpr.br\/portarias\/wp-json\/wp\/v2\/types\/post"}],"author":[{"embeddable":true,"href":"https:\/\/progepe.ufpr.br\/portarias\/wp-json\/wp\/v2\/users\/49"}],"replies":[{"embeddable":true,"href":"https:\/\/progepe.ufpr.br\/portarias\/wp-json\/wp\/v2\/comments?post=52103"}],"version-history":[{"count":1,"href":"https:\/\/progepe.ufpr.br\/portarias\/wp-json\/wp\/v2\/posts\/52103\/revisions"}],"predecessor-version":[{"id":195426,"href":"https:\/\/progepe.ufpr.br\/portarias\/wp-json\/wp\/v2\/posts\/52103\/revisions\/195426"}],"wp:attachment":[{"href":"https:\/\/progepe.ufpr.br\/portarias\/wp-json\/wp\/v2\/media?parent=52103"}],"wp:term":[{"taxonomy":"category","embeddable":true,"href":"https:\/\/progepe.ufpr.br\/portarias\/wp-json\/wp\/v2\/categories?post=52103"},{"taxonomy":"post_tag","embeddable":true,"href":"https:\/\/progepe.ufpr.br\/portarias\/wp-json\/wp\/v2\/tags?post=52103"}],"curies":[{"name":"wp","href":"https:\/\/api.w.org\/{rel}","templated":true}]}}