{"id":52274,"date":"2020-08-24T20:00:00","date_gmt":"2020-08-24T23:00:00","guid":{"rendered":"http:\/\/progepe.ufpr.br\/portal\/?post_type=portarias&#038;p=52274"},"modified":"2023-08-03T11:03:16","modified_gmt":"2023-08-03T14:03:16","slug":"dd-2020-00671","status":"publish","type":"post","link":"https:\/\/progepe.ufpr.br\/portarias\/dd-2020-00671\/","title":{"rendered":"PORTARIA N\u00ba 00671\/DD, DE 24 DE AGOSTO DE 2020"},"content":{"rendered":"\n<p><strong>O Diretor Disciplinar da Universidade Federal do Paran\u00e1 em exerc\u00edcio,&nbsp;<\/strong>no uso de suas atribui\u00e7\u00f5es, tendo em vista a compet\u00eancia que lhe \u00e9 conferida pela Portaria n\u00ba 593\/REITORIA, de 28 de agosto de 2017, o disposto nos artigos 143, 148, 149 e 155 da Lei n\u00ba 8.112, de 11 de dezembro de 1990, e o que consta no Processo 23075.212687\/2017-11,\n\n<\/p>\n\n\n\n<p>RESOLVE:<\/p>\n\n\n\n<p>Designar o servidor GIOVANNI ALLAM TABORDA \u2013 2909475, ocupante do cargo de Analista de Tecnologia da Informa\u00e7\u00e3o, lotado na AGTIC\/CSI &#8211; Coordenadoria de Servi\u00e7os e Infraestrutura de TIC, para atuar como assistente t\u00e9cnico junto a Comiss\u00e3o de Processo Administrativo Disciplinar designada inicialmente pela Portaria 301\/DD, de 26 de fevereiro de 2019, atuante no bojo do Processo Administrativo Disciplinar n\u00ba 23075.212687\/2017-11 e relacionados.<\/p>\n\n\n\n<p style=\"text-align:right\">JEAN CARLOS DE OLIVEIRA<\/p>\n\n\n\n<p style=\"text-align:right\">Diretor Disciplinar substituto<\/p>\n","protected":false},"excerpt":{"rendered":"<p>Designar o servidor GIOVANNI ALLAM TABORDA \u2013 2909475, ocupante do cargo de Analista de Tecnologia da Informa\u00e7\u00e3o, lotado na AGTIC\/CSI &#8211; Coordenadoria de Servi\u00e7os e Infraestrutura de TIC, para atuar como assistente t\u00e9cnico junto a Comiss\u00e3o de Processo Administrativo Disciplinar designada inicialmente pela Portaria 301\/DD, de 26 de fevereiro de 2019, atuante no bojo do Processo Administrativo Disciplinar n\u00ba 23075.212687\/2017-11 e relacionados.  <!-- wp:paragraph {\"align\":\"right\"} \n\n<p style=\"text-align:right\">JEAN CARLOS DE OLIVEIRA  <!-- wp:paragraph {\"align\":\"right\"} \n\n<p style=\"text-align:right\">Diretor Disciplinar substituto\n<\/p>\n","protected":false},"author":12,"featured_media":0,"comment_status":"closed","ping_status":"closed","sticky":false,"template":"","format":"standard","meta":{"_acf_changed":false,"iawp_total_views":1,"footnotes":""},"categories":[118],"tags":[132],"class_list":["post-52274","post","type-post","status-publish","format-standard","hentry","category-dd","tag-pad-sindicancia"],"acf":[],"_links":{"self":[{"href":"https:\/\/progepe.ufpr.br\/portarias\/wp-json\/wp\/v2\/posts\/52274","targetHints":{"allow":["GET"]}}],"collection":[{"href":"https:\/\/progepe.ufpr.br\/portarias\/wp-json\/wp\/v2\/posts"}],"about":[{"href":"https:\/\/progepe.ufpr.br\/portarias\/wp-json\/wp\/v2\/types\/post"}],"author":[{"embeddable":true,"href":"https:\/\/progepe.ufpr.br\/portarias\/wp-json\/wp\/v2\/users\/12"}],"replies":[{"embeddable":true,"href":"https:\/\/progepe.ufpr.br\/portarias\/wp-json\/wp\/v2\/comments?post=52274"}],"version-history":[{"count":2,"href":"https:\/\/progepe.ufpr.br\/portarias\/wp-json\/wp\/v2\/posts\/52274\/revisions"}],"predecessor-version":[{"id":195447,"href":"https:\/\/progepe.ufpr.br\/portarias\/wp-json\/wp\/v2\/posts\/52274\/revisions\/195447"}],"wp:attachment":[{"href":"https:\/\/progepe.ufpr.br\/portarias\/wp-json\/wp\/v2\/media?parent=52274"}],"wp:term":[{"taxonomy":"category","embeddable":true,"href":"https:\/\/progepe.ufpr.br\/portarias\/wp-json\/wp\/v2\/categories?post=52274"},{"taxonomy":"post_tag","embeddable":true,"href":"https:\/\/progepe.ufpr.br\/portarias\/wp-json\/wp\/v2\/tags?post=52274"}],"curies":[{"name":"wp","href":"https:\/\/api.w.org\/{rel}","templated":true}]}}