{"id":52298,"date":"2020-08-24T10:14:00","date_gmt":"2020-08-24T13:14:00","guid":{"rendered":"http:\/\/progepe.ufpr.br\/portal\/?post_type=portarias&#038;p=52298"},"modified":"2023-08-03T12:57:30","modified_gmt":"2023-08-03T15:57:30","slug":"progepe-2020-02379","status":"publish","type":"post","link":"https:\/\/progepe.ufpr.br\/portarias\/progepe-2020-02379\/","title":{"rendered":"PORTARIA N\u00ba 02379\/PROGEPE, DE 24 DE AGOSTO DE 2020"},"content":{"rendered":"\n<p><strong>O Pr\u00f3-Reitor de Gest\u00e3o de Pessoas da Universidade Federal do Paran\u00e1,<\/strong>  no uso de suas atribui\u00e7\u00f5es, tendo em vista a compet\u00eancia que lhe \u00e9  conferida pela Portaria n\u00ba 2.590, de 26 de setembro de 1997 e  considerando o que consta no processo n\u00ba 23075.010370\/2020-39, <\/p>\n\n\n\n<p>RESOLVE:<\/p>\n\n\n\n<p> Autorizar a concess\u00e3o do afastamento integral do servidor ALEX SEBASTIAO  CONSTANCIO \u2013 2162214, ocupante do cargo de Analista de Tecnologia da  Informa\u00e7\u00e3o, lotado na Se\u00e7\u00e3o de Solu\u00e7\u00f5es de Software Administrativo da  Pr\u00f3-Reitoria de Administra\u00e7\u00e3o, para participar do Programa de  P\u00f3s-Gradua\u00e7\u00e3o em Gest\u00e3o da Informa\u00e7\u00e3o, em\u00a0Gest\u00e3o do Conhecimento, n\u00edvel  de Doutorado, na Universidade Federal do Paran\u00e1, em Curitiba\/PR, no  per\u00edodo de 24\/08\/2020 a 23\/08\/2022, com \u00f4nus limitado UFPR. <\/p>\n\n\n\n<p style=\"text-align:right\"><strong>DOUGLAS ORTIZ HAMERMULLER<\/strong><\/p>\n","protected":false},"excerpt":{"rendered":"<p>Autorizar a concess\u00e3o do afastamento integral do servidor ALEX SEBASTIAO CONSTANCIO \u2013 2162214, ocupante do cargo de Analista de Tecnologia da Informa\u00e7\u00e3o, lotado na Se\u00e7\u00e3o de Solu\u00e7\u00f5es de Software Administrativo da Pr\u00f3-Reitoria de Administra\u00e7\u00e3o, para participar do Programa de P\u00f3s-Gradua\u00e7\u00e3o em Gest\u00e3o da Informa\u00e7\u00e3o, em\u00a0Gest\u00e3o do Conhecimento, n\u00edvel de Doutorado, na Universidade Federal do Paran\u00e1, em Curitiba\/PR, no per\u00edodo de 24\/08\/2020 a 23\/08\/2022, com \u00f4nus limitado UFPR.  <!-- wp:paragraph {\"align\":\"right\"} \n\n<p style=\"text-align:right\"><strong>DOUGLAS ORTIZ HAMERMULLER<\/strong>\n<\/p>\n","protected":false},"author":48,"featured_media":0,"comment_status":"closed","ping_status":"closed","sticky":false,"template":"","format":"standard","meta":{"_acf_changed":false,"iawp_total_views":0,"footnotes":""},"categories":[116],"tags":[123],"class_list":["post-52298","post","type-post","status-publish","format-standard","hentry","category-progepe","tag-afastamento-licenca"],"acf":[],"_links":{"self":[{"href":"https:\/\/progepe.ufpr.br\/portarias\/wp-json\/wp\/v2\/posts\/52298","targetHints":{"allow":["GET"]}}],"collection":[{"href":"https:\/\/progepe.ufpr.br\/portarias\/wp-json\/wp\/v2\/posts"}],"about":[{"href":"https:\/\/progepe.ufpr.br\/portarias\/wp-json\/wp\/v2\/types\/post"}],"author":[{"embeddable":true,"href":"https:\/\/progepe.ufpr.br\/portarias\/wp-json\/wp\/v2\/users\/48"}],"replies":[{"embeddable":true,"href":"https:\/\/progepe.ufpr.br\/portarias\/wp-json\/wp\/v2\/comments?post=52298"}],"version-history":[{"count":1,"href":"https:\/\/progepe.ufpr.br\/portarias\/wp-json\/wp\/v2\/posts\/52298\/revisions"}],"predecessor-version":[{"id":195451,"href":"https:\/\/progepe.ufpr.br\/portarias\/wp-json\/wp\/v2\/posts\/52298\/revisions\/195451"}],"wp:attachment":[{"href":"https:\/\/progepe.ufpr.br\/portarias\/wp-json\/wp\/v2\/media?parent=52298"}],"wp:term":[{"taxonomy":"category","embeddable":true,"href":"https:\/\/progepe.ufpr.br\/portarias\/wp-json\/wp\/v2\/categories?post=52298"},{"taxonomy":"post_tag","embeddable":true,"href":"https:\/\/progepe.ufpr.br\/portarias\/wp-json\/wp\/v2\/tags?post=52298"}],"curies":[{"name":"wp","href":"https:\/\/api.w.org\/{rel}","templated":true}]}}