{"id":52383,"date":"2020-08-19T05:00:00","date_gmt":"2020-08-19T08:00:00","guid":{"rendered":"http:\/\/progepe.ufpr.br\/portal\/?post_type=portarias&#038;p=52383"},"modified":"2023-08-03T13:20:15","modified_gmt":"2023-08-03T16:20:15","slug":"rt-2020-01291","status":"publish","type":"post","link":"https:\/\/progepe.ufpr.br\/portarias\/rt-2020-01291\/","title":{"rendered":"PORTARIA N\u00ba 01291\/REITORIA, DE 19 DE AGOSTO DE 2020"},"content":{"rendered":"\n<p><strong>A\nVice-Reitora da Universidade Federal do Paran\u00e1, no exerc\u00edcio do cargo de\nReitoria, <\/strong>no uso de suas atribui\u00e7\u00f5es e tendo em vista o que consta no processo n\u00ba\n23075.043476\/2020-19,<\/p>\n\n\n\n<p>RESOLVE:<\/p>\n\n\n\n<p>Exonerar,\na pedido, a partir de 18 de agosto de 2020, o servidor JOSE ROBERTO\nBRAGA PORTELLA &#8211; 1046228, Professor do Magist\u00e9rio\nSuperior, lotado no Departamento de Hist\u00f3ria do Setor de Ci\u00eancias Humanas, no\nregime de trabalho de dedica\u00e7\u00e3o exclusiva, da Fun\u00e7\u00e3o de Vice-Coordenador de\nCurso de Gradua\u00e7\u00e3o do Setor de Ci\u00eancias Humanas (Curso de Hist\u00f3ria &#8211; Mem\u00f3ria e\nImagem).<\/p>\n\n\n\n<p style=\"text-align:right\">Graciela Ines\nBolzon de Muniz<\/p>\n","protected":false},"excerpt":{"rendered":"<p>Exonerar, a pedido, a partir de 18 de agosto de 2020, o servidor JOSE ROBERTO BRAGA PORTELLA &#8211; 1046228, Professor do Magist\u00e9rio Superior, lotado no Departamento de Hist\u00f3ria do Setor de Ci\u00eancias Humanas, no regime de trabalho de dedica\u00e7\u00e3o exclusiva, da Fun\u00e7\u00e3o de Vice-Coordenador de Curso de Gradua\u00e7\u00e3o do Setor de Ci\u00eancias Humanas (Curso de Hist\u00f3ria &#8211; Mem\u00f3ria e Imagem).  <!-- wp:paragraph {\"align\":\"right\"} \n\n<p style=\"text-align:right\">Graciela Ines Bolzon de Muniz\n<\/p>\n","protected":false},"author":49,"featured_media":0,"comment_status":"closed","ping_status":"closed","sticky":false,"template":"","format":"standard","meta":{"_acf_changed":false,"iawp_total_views":0,"footnotes":""},"categories":[117],"tags":[120],"class_list":["post-52383","post","type-post","status-publish","format-standard","hentry","category-rt","tag-funcao"],"acf":[],"_links":{"self":[{"href":"https:\/\/progepe.ufpr.br\/portarias\/wp-json\/wp\/v2\/posts\/52383","targetHints":{"allow":["GET"]}}],"collection":[{"href":"https:\/\/progepe.ufpr.br\/portarias\/wp-json\/wp\/v2\/posts"}],"about":[{"href":"https:\/\/progepe.ufpr.br\/portarias\/wp-json\/wp\/v2\/types\/post"}],"author":[{"embeddable":true,"href":"https:\/\/progepe.ufpr.br\/portarias\/wp-json\/wp\/v2\/users\/49"}],"replies":[{"embeddable":true,"href":"https:\/\/progepe.ufpr.br\/portarias\/wp-json\/wp\/v2\/comments?post=52383"}],"version-history":[{"count":1,"href":"https:\/\/progepe.ufpr.br\/portarias\/wp-json\/wp\/v2\/posts\/52383\/revisions"}],"predecessor-version":[{"id":195464,"href":"https:\/\/progepe.ufpr.br\/portarias\/wp-json\/wp\/v2\/posts\/52383\/revisions\/195464"}],"wp:attachment":[{"href":"https:\/\/progepe.ufpr.br\/portarias\/wp-json\/wp\/v2\/media?parent=52383"}],"wp:term":[{"taxonomy":"category","embeddable":true,"href":"https:\/\/progepe.ufpr.br\/portarias\/wp-json\/wp\/v2\/categories?post=52383"},{"taxonomy":"post_tag","embeddable":true,"href":"https:\/\/progepe.ufpr.br\/portarias\/wp-json\/wp\/v2\/tags?post=52383"}],"curies":[{"name":"wp","href":"https:\/\/api.w.org\/{rel}","templated":true}]}}