{"id":52427,"date":"2020-08-24T20:03:00","date_gmt":"2020-08-24T23:03:00","guid":{"rendered":"http:\/\/progepe.ufpr.br\/portal\/?post_type=portarias&#038;p=52427"},"modified":"2023-08-03T11:03:16","modified_gmt":"2023-08-03T14:03:16","slug":"dd-2020-00674","status":"publish","type":"post","link":"https:\/\/progepe.ufpr.br\/portarias\/dd-2020-00674\/","title":{"rendered":"PORTARIA N\u00ba 00674\/DD, DE 24 DE AGOSTO DE 2020"},"content":{"rendered":"\n<p><strong>O Diretor Disciplinar da Universidade Federal do Paran\u00e1, <\/strong>no uso de suas atribui\u00e7\u00f5es, tendo em vista a compet\u00eancia que lhe \u00e9 conferida pela Portaria n\u00ba 593\/REITORIA, de 28 de agosto de 2017, o disposto nos artigos 143, 148, 149 e 152 da Lei n\u00ba 8.112, de 11 de dezembro de 1990, e o que consta no Processo 23075.042291\/2020-97,<\/p>\n\n\n\n<p>RESOLVE:<\/p>\n\n\n\n<p>Designar os servidores ELIANA REMOR TEIXEIRA \u2014 1847500, Professora do Magist\u00e9rio Superior, lotada no Departamento de Sa\u00fade Coletiva do Setor de Ci\u00eancias da Sa\u00fade; MICHELE CAROLINE SCHNEIDER \u2014 1905897, Psic\u00f3loga, lotada na Se\u00e7\u00e3o do Centro de Aten\u00e7\u00e3o \u00e0 Sa\u00fade 4 \u2013 CASA 4 da Pr\u00f3-Reitoria de Gest\u00e3o de Pessoas; e PHARNEY DE SOUZA FERREIRA \u2014 3052575, Administrador, lotado na Se\u00e7\u00e3o de Apoio T\u00e9cnico da Diretoria Disciplinar, para, sob a presid\u00eancia da primeira, constitu\u00edrem Comiss\u00e3o de Processo Administrativo Disciplinar destinada a apurar, no prazo de 60 (sessenta) dias, os fatos de que trata o Processo 23075.042291\/2020-97.<\/p>\n\n\n\n<p style=\"text-align:right\">JEAN CARLOS DE OLIVEIRA<br>Diretor Disciplinar, em exerc\u00edcio<\/p>\n","protected":false},"excerpt":{"rendered":"<p>Designar os servidores ELIANA REMOR TEIXEIRA \u2014 1847500, Professora do Magist\u00e9rio Superior, lotada no Departamento de Sa\u00fade Coletiva do Setor de Ci\u00eancias da Sa\u00fade; MICHELE CAROLINE SCHNEIDER \u2014 1905897, Psic\u00f3loga, lotada na Se\u00e7\u00e3o do Centro de Aten\u00e7\u00e3o \u00e0 Sa\u00fade 4 \u2013 CASA 4 da Pr\u00f3-Reitoria de Gest\u00e3o de Pessoas; e PHARNEY DE SOUZA FERREIRA \u2014 3052575, Administrador, lotado na Se\u00e7\u00e3o de Apoio T\u00e9cnico da Diretoria Disciplinar, para, sob a presid\u00eancia da primeira, constitu\u00edrem Comiss\u00e3o de Processo Administrativo Disciplinar destinada a apurar, no prazo de 60 (sessenta) dias, os fatos de que trata o Processo 23075.042291\/2020-97.  <!-- wp:paragraph\n<\/p>\n","protected":false},"author":11,"featured_media":0,"comment_status":"closed","ping_status":"closed","sticky":false,"template":"","format":"standard","meta":{"_acf_changed":false,"iawp_total_views":0,"footnotes":""},"categories":[118],"tags":[132],"class_list":["post-52427","post","type-post","status-publish","format-standard","hentry","category-dd","tag-pad-sindicancia"],"acf":[],"_links":{"self":[{"href":"https:\/\/progepe.ufpr.br\/portarias\/wp-json\/wp\/v2\/posts\/52427","targetHints":{"allow":["GET"]}}],"collection":[{"href":"https:\/\/progepe.ufpr.br\/portarias\/wp-json\/wp\/v2\/posts"}],"about":[{"href":"https:\/\/progepe.ufpr.br\/portarias\/wp-json\/wp\/v2\/types\/post"}],"author":[{"embeddable":true,"href":"https:\/\/progepe.ufpr.br\/portarias\/wp-json\/wp\/v2\/users\/11"}],"replies":[{"embeddable":true,"href":"https:\/\/progepe.ufpr.br\/portarias\/wp-json\/wp\/v2\/comments?post=52427"}],"version-history":[{"count":2,"href":"https:\/\/progepe.ufpr.br\/portarias\/wp-json\/wp\/v2\/posts\/52427\/revisions"}],"predecessor-version":[{"id":195472,"href":"https:\/\/progepe.ufpr.br\/portarias\/wp-json\/wp\/v2\/posts\/52427\/revisions\/195472"}],"wp:attachment":[{"href":"https:\/\/progepe.ufpr.br\/portarias\/wp-json\/wp\/v2\/media?parent=52427"}],"wp:term":[{"taxonomy":"category","embeddable":true,"href":"https:\/\/progepe.ufpr.br\/portarias\/wp-json\/wp\/v2\/categories?post=52427"},{"taxonomy":"post_tag","embeddable":true,"href":"https:\/\/progepe.ufpr.br\/portarias\/wp-json\/wp\/v2\/tags?post=52427"}],"curies":[{"name":"wp","href":"https:\/\/api.w.org\/{rel}","templated":true}]}}